{"id":1349,"date":"2023-10-31T11:28:18","date_gmt":"2023-10-31T11:28:18","guid":{"rendered":"https:\/\/femergs.com.br\/wfe\/blog\/encerrando-o-mes-de-outubro-o-mes-de-luta-do-servidor-publico\/"},"modified":"2025-09-02T20:00:03","modified_gmt":"2025-09-02T20:00:03","slug":"encerrando-o-mes-de-outubro-o-mes-de-luta-do-servidor-publico","status":"publish","type":"post","link":"https:\/\/femergs.com.br\/wfe\/blog\/encerrando-o-mes-de-outubro-o-mes-de-luta-do-servidor-publico\/","title":{"rendered":"ENCERRANDO O M\u00caS DE OUTUBRO \u2013 O M\u00caS DE LUTA DO SERVIDOR P\u00daBLICO"},"content":{"rendered":"<div style=\"text-align: center;\"><strong>ENCERRANDO O M\u00caS DE OUTUBRO \u2013 O M\u00caS DE LUTA DO SERVIDOR P\u00daBLICO<\/strong><\/div>\n<p>\n                A FEMERGS NESTE NOVO CICLO, VEM TRABALHANDO COM O ESPERAN\u00c7AR DIAS MELHORES PARA TODOS N\u00d3S, PARA ISTO PRECISAMOS DE COMPROMETIMENTO E DEDICA\u00c7\u00c3O DE TODOS QUE INTEGRAM NOSSA ENTIDADE. PRECISAMOS CRIAR NOVOS RUMOS, SINDICATOS FORTALECER AS ENTIDADES SINDICAIS EM SUA BASE, DAR VISIBILIDADE AO NOSSO TRABALHO NO MUNIC\u00cdPIO.<\/p>\n<p>\n                 NESTES TR\u00caS MESES E MEIO DE MANDATO, AVAN\u00c7AMOS MUITO, J\u00c1 ENTREGAMOS PESSOALMENTE  AO PRESIDENTE EM EXERCICIO, GERALDO ALCKMIM, DOCMENTO MOSTRANDO NOSSAS PAUTAS,  TAMB\u00c9M ESTIVEMOS COM O MINISTRO DO TRABALHO LUIZ MARINHO, E NOSSA INTEN\u00c7\u00c3O E JUSTAMENTE COLOCAR O SERVIDOR P\u00daBLICO NO GUARDA \u2013 CHUVA DE DIREITOS MINIMOS A NIVEL NACIONAL, ESTA PAUTA INCLIVE APOIADA PELO SENHOR ANT\u00d4NIO NETO, PRESIDENTE DA CENTRAL DE SINDICATOS DO BRASIL \u2013 CSB, QUE ESTAR\u00c1 JUNTO COM A FEMERGS NESTA LUTA, ABRINDO CAMINHOS  NOS ENTES FEDERAIS. MANTIVEMOS REUNI\u00c3O COM O FUNDO NACIONA DE EDUCA\u00c7\u00c3O ESTAMOS COM O PROGRAMA SA\u00daDE DO TRABALHADOR EM ANDAMENTO, COM DIVERSAS REGIONAIS BUSCANDO AMPLIAR A DISCUSS\u00c3O DESTE ASSUNTO. ENFIM, J\u00c1 TEMOS MUITO TRABALHO REALIZADO, GRIFAMOS ESTAS SITUA\u00c7\u00d5ES ACIMA, POIS A PARTIR DELAS INICIAREMOS NOSSAS NEGOCIA\u00c7\u00d5ES PARA GARANTIR SERVI\u00c7O PUBLICO DE QUALIDADE COM SERVIDOR VALORIZADO.<\/p>\n<p>\n                     PARA QUE OBTENHAMOS SUCESSO, ALGUNS PASSOS S\u00c3O FUNDAMENTAIS, A UNIDADE SINDICAL E DA BASE, PARA MIM \u00c9 O PRINCIPIO DE TUDO, NOS SERVIDORES DEVEMOS NOS SINDICALIZAR, PARTICIPAR DAS REUNI\u00d5ES, SUGERIR, BUSCAR, ENTENDER NOSSA HIST\u00d3RIA E NOSSAS CONQUISTAS. COMO O PR\u00d3PRIO PRESIDENTE DA REPUBLICA DISSE QANDO CRIOU A MESA PERMANENTE DE NEGOCIA\u00c7\u00c3O DO SERVIDOR P\u00daBLICO, PRECISAMOS SEGURAN\u00c7A JUR\u00cdDICA, E N\u00c3O A CADA VEZ QUE UM GESTOR RECEBE ALGUMA ORIENTA\u00c7\u00c3O OU CONSELHO MUDAR NOSSO PLANO DE CARREIRA. E PARA ISTO ACONTECER, URGE A REGULAMENTA\u00c7\u00c3O DA RESOLU\u00c7\u00c3O 151 DA OIT. SITUA\u00c7\u00c3O QUE TAMB\u00c9M ESTAREMOS ENVOLVIDOS PARA QUE SEJA REGULAMENTADA NOS TRAZENDO UM POCO MAIS DE SEGURAN\u00c7A JUR\u00cdDICA.<\/p>\n<p>\n                 POR TUDO ISSO, HOJE COMO PRESIDENTE DA FEMERGS, VOU COMPARTILHAR FOTOS, DE DIVERSOS MOMENTOS COMEMORATIVOS AO DIA DO SERVIDOR P\u00daBLICO, POIS ESTARMOS UNIDOS, EM AMBIENTE FESTIVO, NOS PROPORCIONA FOR\u00c7A E VONTADE DE SEGUIR NA CARREIRA E NA LUTA. MOSTRANDO AOS GESTORES QUE N\u00c3O PRECISAMOS DE HOMENAGEMS ESPECIAIS NESTE DIA, PRECISAMOS SIM, DA A\u00c7\u00c3O POLITICA QUE ESTA NA M\u00c3O DO GESTOR, EM VALORIZAR O SERVIDOR DE SEU MUNICIPIO, COM BASE NA REALIDADE LOCAL E FINANCEIRA, TODOS OS DIAS DO ANO.<\/p>\n<p>\n                  NOVAMENTE QUEREMOS PARABENIZAR CADA SERVIDOR P\u00daBLICO MUNICIPAL DO RS, E DIZER QUE ESTES MOMENTOS QUE VOC\u00caS COMPARTILHARAM CONOSCO, NOS D\u00c3O MAIS FOR\u00c7AS AINDA PARA LUTARMOS 365 DO ANO PELA NOSSA VALORIZA\u00c7\u00c3O HUMANA E SAL\u00c1RIAL. VAMOS TORNAR TODOS OS MESES DO ANO, MESES DE LUTA.            <\/p>\n<div style=\"text-align: center;\"><strong>CLARICE IN\u00caS MAINARDI<br \/>\nPRESIDENTE FEMERGS<\/strong><\/div>\n","protected":false},"excerpt":{"rendered":"<p>ENCERRANDO O M\u00caS DE OUTUBRO \u2013 O M\u00caS DE LUTA DO SERVIDOR P\u00daBLICO A FEMERGS NESTE NOVO CICLO, VEM TRABALHANDO COM O ESPERAN\u00c7AR DIAS MELHORES PARA TODOS N\u00d3S, PARA ISTO PRECISAMOS DE COMPROMETIMENTO E DEDICA\u00c7\u00c3O DE TODOS QUE INTEGRAM NOSSA ENTIDADE. PRECISAMOS CRIAR NOVOS RUMOS, SINDICATOS FORTALECER AS ENTIDADES SINDICAIS EM SUA BASE, DAR VISIBILIDADE [&hellip;]<\/p>\n","protected":false},"author":1,"featured_media":0,"comment_status":"closed","ping_status":"closed","sticky":false,"template":"","format":"standard","meta":{"_eb_attr":"","_uag_custom_page_level_css":"","fifu_image_url":"","fifu_image_alt":"","footnotes":""},"categories":[7],"tags":[32],"class_list":["post-1349","post","type-post","status-publish","format-standard","hentry","category-noticias","tag-null"],"yoast_head":"<!-- This site is optimized with the Yoast SEO plugin v27.1.1 - https:\/\/yoast.com\/product\/yoast-seo-wordpress\/ -->\n<title>ENCERRANDO O M\u00caS DE OUTUBRO \u2013 O M\u00caS DE LUTA DO SERVIDOR P\u00daBLICO - Federa\u00e7\u00e3o dos Municip\u00e1rios do Estado do Rio Grande do Sul<\/title>\n<meta name=\"robots\" content=\"index, follow, max-snippet:-1, max-image-preview:large, max-video-preview:-1\" \/>\n<link rel=\"canonical\" href=\"https:\/\/femergs.com.br\/wfe\/blog\/encerrando-o-mes-de-outubro-o-mes-de-luta-do-servidor-publico\/\" \/>\n<meta property=\"og:locale\" content=\"pt_BR\" \/>\n<meta property=\"og:type\" content=\"article\" \/>\n<meta property=\"og:title\" content=\"ENCERRANDO O M\u00caS DE OUTUBRO \u2013 O M\u00caS DE LUTA DO SERVIDOR P\u00daBLICO - Federa\u00e7\u00e3o dos Municip\u00e1rios do Estado do Rio Grande do Sul\" \/>\n<meta property=\"og:description\" content=\"ENCERRANDO O M\u00caS DE OUTUBRO \u2013 O M\u00caS DE LUTA DO SERVIDOR P\u00daBLICO A FEMERGS NESTE NOVO CICLO, VEM TRABALHANDO COM O ESPERAN\u00c7AR DIAS MELHORES PARA TODOS N\u00d3S, PARA ISTO PRECISAMOS DE COMPROMETIMENTO E DEDICA\u00c7\u00c3O DE TODOS QUE INTEGRAM NOSSA ENTIDADE. PRECISAMOS CRIAR NOVOS RUMOS, SINDICATOS FORTALECER AS ENTIDADES SINDICAIS EM SUA BASE, DAR VISIBILIDADE [&hellip;]\" \/>\n<meta property=\"og:url\" content=\"https:\/\/femergs.com.br\/wfe\/blog\/encerrando-o-mes-de-outubro-o-mes-de-luta-do-servidor-publico\/\" \/>\n<meta property=\"og:site_name\" content=\"Federa\u00e7\u00e3o dos Municip\u00e1rios do Estado do Rio Grande do Sul\" \/>\n<meta property=\"article:publisher\" content=\"https:\/\/www.facebook.com\/profile.php?id=100057151733001\" \/>\n<meta property=\"article:published_time\" content=\"2023-10-31T11:28:18+00:00\" \/>\n<meta property=\"article:modified_time\" content=\"2025-09-02T20:00:03+00:00\" \/>\n<meta name=\"author\" content=\"adminfemergs\" \/>\n<meta name=\"twitter:card\" content=\"summary_large_image\" \/>\n<meta name=\"twitter:label1\" content=\"Escrito por\" \/>\n\t<meta name=\"twitter:data1\" content=\"adminfemergs\" \/>\n\t<meta name=\"twitter:label2\" content=\"Est. tempo de leitura\" \/>\n\t<meta name=\"twitter:data2\" content=\"2 minutos\" \/>\n<script type=\"application\/ld+json\" class=\"yoast-schema-graph\">{\"@context\":\"https:\/\/schema.org\",\"@graph\":[{\"@type\":\"Article\",\"@id\":\"https:\/\/femergs.com.br\/wfe\/blog\/encerrando-o-mes-de-outubro-o-mes-de-luta-do-servidor-publico\/#article\",\"isPartOf\":{\"@id\":\"https:\/\/femergs.com.br\/wfe\/blog\/encerrando-o-mes-de-outubro-o-mes-de-luta-do-servidor-publico\/\"},\"author\":{\"name\":\"adminfemergs\",\"@id\":\"https:\/\/femergs.com.br\/wfe\/#\/schema\/person\/f5558e6b5ffc044ee085016237dedb7f\"},\"headline\":\"ENCERRANDO O M\u00caS DE OUTUBRO \u2013 O M\u00caS DE LUTA DO SERVIDOR P\u00daBLICO\",\"datePublished\":\"2023-10-31T11:28:18+00:00\",\"dateModified\":\"2025-09-02T20:00:03+00:00\",\"mainEntityOfPage\":{\"@id\":\"https:\/\/femergs.com.br\/wfe\/blog\/encerrando-o-mes-de-outubro-o-mes-de-luta-do-servidor-publico\/\"},\"wordCount\":481,\"publisher\":{\"@id\":\"https:\/\/femergs.com.br\/wfe\/#organization\"},\"keywords\":[\"NULL\"],\"articleSection\":[\"Not\u00edcias Gerais\"],\"inLanguage\":\"pt-BR\"},{\"@type\":\"WebPage\",\"@id\":\"https:\/\/femergs.com.br\/wfe\/blog\/encerrando-o-mes-de-outubro-o-mes-de-luta-do-servidor-publico\/\",\"url\":\"https:\/\/femergs.com.br\/wfe\/blog\/encerrando-o-mes-de-outubro-o-mes-de-luta-do-servidor-publico\/\",\"name\":\"ENCERRANDO O M\u00caS DE OUTUBRO \u2013 O M\u00caS DE LUTA DO SERVIDOR P\u00daBLICO - Federa\u00e7\u00e3o dos Municip\u00e1rios do Estado do Rio Grande do Sul\",\"isPartOf\":{\"@id\":\"https:\/\/femergs.com.br\/wfe\/#website\"},\"datePublished\":\"2023-10-31T11:28:18+00:00\",\"dateModified\":\"2025-09-02T20:00:03+00:00\",\"breadcrumb\":{\"@id\":\"https:\/\/femergs.com.br\/wfe\/blog\/encerrando-o-mes-de-outubro-o-mes-de-luta-do-servidor-publico\/#breadcrumb\"},\"inLanguage\":\"pt-BR\",\"potentialAction\":[{\"@type\":\"ReadAction\",\"target\":[\"https:\/\/femergs.com.br\/wfe\/blog\/encerrando-o-mes-de-outubro-o-mes-de-luta-do-servidor-publico\/\"]}]},{\"@type\":\"BreadcrumbList\",\"@id\":\"https:\/\/femergs.com.br\/wfe\/blog\/encerrando-o-mes-de-outubro-o-mes-de-luta-do-servidor-publico\/#breadcrumb\",\"itemListElement\":[{\"@type\":\"ListItem\",\"position\":1,\"name\":\"In\u00edcio\",\"item\":\"https:\/\/femergs.com.br\/wfe\/\"},{\"@type\":\"ListItem\",\"position\":2,\"name\":\"ENCERRANDO O M\u00caS DE OUTUBRO \u2013 O M\u00caS DE LUTA DO SERVIDOR P\u00daBLICO\"}]},{\"@type\":\"WebSite\",\"@id\":\"https:\/\/femergs.com.br\/wfe\/#website\",\"url\":\"https:\/\/femergs.com.br\/wfe\/\",\"name\":\"FEMERGS\",\"description\":\"FEDERA\u00c7\u00c3O DOS MUNICIP\u00c1RIOS DO ESTADO DO RIO GRANDE DO SUL\",\"publisher\":{\"@id\":\"https:\/\/femergs.com.br\/wfe\/#organization\"},\"potentialAction\":[{\"@type\":\"SearchAction\",\"target\":{\"@type\":\"EntryPoint\",\"urlTemplate\":\"https:\/\/femergs.com.br\/wfe\/?s={search_term_string}\"},\"query-input\":{\"@type\":\"PropertyValueSpecification\",\"valueRequired\":true,\"valueName\":\"search_term_string\"}}],\"inLanguage\":\"pt-BR\"},{\"@type\":\"Organization\",\"@id\":\"https:\/\/femergs.com.br\/wfe\/#organization\",\"name\":\"FEMERGS\",\"url\":\"https:\/\/femergs.com.br\/wfe\/\",\"logo\":{\"@type\":\"ImageObject\",\"inLanguage\":\"pt-BR\",\"@id\":\"https:\/\/femergs.com.br\/wfe\/#\/schema\/logo\/image\/\",\"url\":\"https:\/\/femergs.com.br\/wfe\/wp-content\/uploads\/2025\/06\/logotipo.png\",\"contentUrl\":\"https:\/\/femergs.com.br\/wfe\/wp-content\/uploads\/2025\/06\/logotipo.png\",\"width\":500,\"height\":500,\"caption\":\"FEMERGS\"},\"image\":{\"@id\":\"https:\/\/femergs.com.br\/wfe\/#\/schema\/logo\/image\/\"},\"sameAs\":[\"https:\/\/www.facebook.com\/profile.php?id=100057151733001\",\"https:\/\/www.instagram.com\/femergs_rs\/\"]},{\"@type\":\"Person\",\"@id\":\"https:\/\/femergs.com.br\/wfe\/#\/schema\/person\/f5558e6b5ffc044ee085016237dedb7f\",\"name\":\"adminfemergs\",\"image\":{\"@type\":\"ImageObject\",\"inLanguage\":\"pt-BR\",\"@id\":\"https:\/\/femergs.com.br\/wfe\/#\/schema\/person\/image\/\",\"url\":\"https:\/\/secure.gravatar.com\/avatar\/398642fa557cdd524617ad9b31c938845f071aeb3448b9c0aeb29aefc495337b?s=96&d=mm&r=g\",\"contentUrl\":\"https:\/\/secure.gravatar.com\/avatar\/398642fa557cdd524617ad9b31c938845f071aeb3448b9c0aeb29aefc495337b?s=96&d=mm&r=g\",\"caption\":\"adminfemergs\"},\"sameAs\":[\"https:\/\/femergs.com.br\/wfe\"],\"url\":\"https:\/\/femergs.com.br\/wfe\/blog\/author\/adminfemergs\/\"}]}<\/script>\n<!-- \/ Yoast SEO plugin. -->","yoast_head_json":{"title":"ENCERRANDO O M\u00caS DE OUTUBRO \u2013 O M\u00caS DE LUTA DO SERVIDOR P\u00daBLICO - Federa\u00e7\u00e3o dos Municip\u00e1rios do Estado do Rio Grande do Sul","robots":{"index":"index","follow":"follow","max-snippet":"max-snippet:-1","max-image-preview":"max-image-preview:large","max-video-preview":"max-video-preview:-1"},"canonical":"https:\/\/femergs.com.br\/wfe\/blog\/encerrando-o-mes-de-outubro-o-mes-de-luta-do-servidor-publico\/","og_locale":"pt_BR","og_type":"article","og_title":"ENCERRANDO O M\u00caS DE OUTUBRO \u2013 O M\u00caS DE LUTA DO SERVIDOR P\u00daBLICO - Federa\u00e7\u00e3o dos Municip\u00e1rios do Estado do Rio Grande do Sul","og_description":"ENCERRANDO O M\u00caS DE OUTUBRO \u2013 O M\u00caS DE LUTA DO SERVIDOR P\u00daBLICO A FEMERGS NESTE NOVO CICLO, VEM TRABALHANDO COM O ESPERAN\u00c7AR DIAS MELHORES PARA TODOS N\u00d3S, PARA ISTO PRECISAMOS DE COMPROMETIMENTO E DEDICA\u00c7\u00c3O DE TODOS QUE INTEGRAM NOSSA ENTIDADE. PRECISAMOS CRIAR NOVOS RUMOS, SINDICATOS FORTALECER AS ENTIDADES SINDICAIS EM SUA BASE, DAR VISIBILIDADE [&hellip;]","og_url":"https:\/\/femergs.com.br\/wfe\/blog\/encerrando-o-mes-de-outubro-o-mes-de-luta-do-servidor-publico\/","og_site_name":"Federa\u00e7\u00e3o dos Municip\u00e1rios do Estado do Rio Grande do Sul","article_publisher":"https:\/\/www.facebook.com\/profile.php?id=100057151733001","article_published_time":"2023-10-31T11:28:18+00:00","article_modified_time":"2025-09-02T20:00:03+00:00","author":"adminfemergs","twitter_card":"summary_large_image","twitter_misc":{"Escrito por":"adminfemergs","Est. tempo de leitura":"2 minutos"},"schema":{"@context":"https:\/\/schema.org","@graph":[{"@type":"Article","@id":"https:\/\/femergs.com.br\/wfe\/blog\/encerrando-o-mes-de-outubro-o-mes-de-luta-do-servidor-publico\/#article","isPartOf":{"@id":"https:\/\/femergs.com.br\/wfe\/blog\/encerrando-o-mes-de-outubro-o-mes-de-luta-do-servidor-publico\/"},"author":{"name":"adminfemergs","@id":"https:\/\/femergs.com.br\/wfe\/#\/schema\/person\/f5558e6b5ffc044ee085016237dedb7f"},"headline":"ENCERRANDO O M\u00caS DE OUTUBRO \u2013 O M\u00caS DE LUTA DO SERVIDOR P\u00daBLICO","datePublished":"2023-10-31T11:28:18+00:00","dateModified":"2025-09-02T20:00:03+00:00","mainEntityOfPage":{"@id":"https:\/\/femergs.com.br\/wfe\/blog\/encerrando-o-mes-de-outubro-o-mes-de-luta-do-servidor-publico\/"},"wordCount":481,"publisher":{"@id":"https:\/\/femergs.com.br\/wfe\/#organization"},"keywords":["NULL"],"articleSection":["Not\u00edcias Gerais"],"inLanguage":"pt-BR"},{"@type":"WebPage","@id":"https:\/\/femergs.com.br\/wfe\/blog\/encerrando-o-mes-de-outubro-o-mes-de-luta-do-servidor-publico\/","url":"https:\/\/femergs.com.br\/wfe\/blog\/encerrando-o-mes-de-outubro-o-mes-de-luta-do-servidor-publico\/","name":"ENCERRANDO O M\u00caS DE OUTUBRO \u2013 O M\u00caS DE LUTA DO SERVIDOR P\u00daBLICO - Federa\u00e7\u00e3o dos Municip\u00e1rios do Estado do Rio Grande do Sul","isPartOf":{"@id":"https:\/\/femergs.com.br\/wfe\/#website"},"datePublished":"2023-10-31T11:28:18+00:00","dateModified":"2025-09-02T20:00:03+00:00","breadcrumb":{"@id":"https:\/\/femergs.com.br\/wfe\/blog\/encerrando-o-mes-de-outubro-o-mes-de-luta-do-servidor-publico\/#breadcrumb"},"inLanguage":"pt-BR","potentialAction":[{"@type":"ReadAction","target":["https:\/\/femergs.com.br\/wfe\/blog\/encerrando-o-mes-de-outubro-o-mes-de-luta-do-servidor-publico\/"]}]},{"@type":"BreadcrumbList","@id":"https:\/\/femergs.com.br\/wfe\/blog\/encerrando-o-mes-de-outubro-o-mes-de-luta-do-servidor-publico\/#breadcrumb","itemListElement":[{"@type":"ListItem","position":1,"name":"In\u00edcio","item":"https:\/\/femergs.com.br\/wfe\/"},{"@type":"ListItem","position":2,"name":"ENCERRANDO O M\u00caS DE OUTUBRO \u2013 O M\u00caS DE LUTA DO SERVIDOR P\u00daBLICO"}]},{"@type":"WebSite","@id":"https:\/\/femergs.com.br\/wfe\/#website","url":"https:\/\/femergs.com.br\/wfe\/","name":"FEMERGS","description":"FEDERA\u00c7\u00c3O DOS MUNICIP\u00c1RIOS DO ESTADO DO RIO GRANDE DO SUL","publisher":{"@id":"https:\/\/femergs.com.br\/wfe\/#organization"},"potentialAction":[{"@type":"SearchAction","target":{"@type":"EntryPoint","urlTemplate":"https:\/\/femergs.com.br\/wfe\/?s={search_term_string}"},"query-input":{"@type":"PropertyValueSpecification","valueRequired":true,"valueName":"search_term_string"}}],"inLanguage":"pt-BR"},{"@type":"Organization","@id":"https:\/\/femergs.com.br\/wfe\/#organization","name":"FEMERGS","url":"https:\/\/femergs.com.br\/wfe\/","logo":{"@type":"ImageObject","inLanguage":"pt-BR","@id":"https:\/\/femergs.com.br\/wfe\/#\/schema\/logo\/image\/","url":"https:\/\/femergs.com.br\/wfe\/wp-content\/uploads\/2025\/06\/logotipo.png","contentUrl":"https:\/\/femergs.com.br\/wfe\/wp-content\/uploads\/2025\/06\/logotipo.png","width":500,"height":500,"caption":"FEMERGS"},"image":{"@id":"https:\/\/femergs.com.br\/wfe\/#\/schema\/logo\/image\/"},"sameAs":["https:\/\/www.facebook.com\/profile.php?id=100057151733001","https:\/\/www.instagram.com\/femergs_rs\/"]},{"@type":"Person","@id":"https:\/\/femergs.com.br\/wfe\/#\/schema\/person\/f5558e6b5ffc044ee085016237dedb7f","name":"adminfemergs","image":{"@type":"ImageObject","inLanguage":"pt-BR","@id":"https:\/\/femergs.com.br\/wfe\/#\/schema\/person\/image\/","url":"https:\/\/secure.gravatar.com\/avatar\/398642fa557cdd524617ad9b31c938845f071aeb3448b9c0aeb29aefc495337b?s=96&d=mm&r=g","contentUrl":"https:\/\/secure.gravatar.com\/avatar\/398642fa557cdd524617ad9b31c938845f071aeb3448b9c0aeb29aefc495337b?s=96&d=mm&r=g","caption":"adminfemergs"},"sameAs":["https:\/\/femergs.com.br\/wfe"],"url":"https:\/\/femergs.com.br\/wfe\/blog\/author\/adminfemergs\/"}]}},"uagb_featured_image_src":{"full":false,"thumbnail":false,"medium":false,"medium_large":false,"large":false,"1536x1536":false,"2048x2048":false,"ultp_layout_landscape_large":false,"ultp_layout_landscape":false,"ultp_layout_portrait":false,"ultp_layout_square":false},"uagb_author_info":{"display_name":"adminfemergs","author_link":"https:\/\/femergs.com.br\/wfe\/blog\/author\/adminfemergs\/"},"uagb_comment_info":0,"uagb_excerpt":"ENCERRANDO O M\u00caS DE OUTUBRO \u2013 O M\u00caS DE LUTA DO SERVIDOR P\u00daBLICO A FEMERGS NESTE NOVO CICLO, VEM TRABALHANDO COM O ESPERAN\u00c7AR DIAS MELHORES PARA TODOS N\u00d3S, PARA ISTO PRECISAMOS DE COMPROMETIMENTO E DEDICA\u00c7\u00c3O DE TODOS QUE INTEGRAM NOSSA ENTIDADE. PRECISAMOS CRIAR NOVOS RUMOS, SINDICATOS FORTALECER AS ENTIDADES SINDICAIS EM SUA BASE, DAR VISIBILIDADE&hellip;","_links":{"self":[{"href":"https:\/\/femergs.com.br\/wfe\/wp-json\/wp\/v2\/posts\/1349","targetHints":{"allow":["GET"]}}],"collection":[{"href":"https:\/\/femergs.com.br\/wfe\/wp-json\/wp\/v2\/posts"}],"about":[{"href":"https:\/\/femergs.com.br\/wfe\/wp-json\/wp\/v2\/types\/post"}],"author":[{"embeddable":true,"href":"https:\/\/femergs.com.br\/wfe\/wp-json\/wp\/v2\/users\/1"}],"replies":[{"embeddable":true,"href":"https:\/\/femergs.com.br\/wfe\/wp-json\/wp\/v2\/comments?post=1349"}],"version-history":[{"count":1,"href":"https:\/\/femergs.com.br\/wfe\/wp-json\/wp\/v2\/posts\/1349\/revisions"}],"predecessor-version":[{"id":1480,"href":"https:\/\/femergs.com.br\/wfe\/wp-json\/wp\/v2\/posts\/1349\/revisions\/1480"}],"wp:attachment":[{"href":"https:\/\/femergs.com.br\/wfe\/wp-json\/wp\/v2\/media?parent=1349"}],"wp:term":[{"taxonomy":"category","embeddable":true,"href":"https:\/\/femergs.com.br\/wfe\/wp-json\/wp\/v2\/categories?post=1349"},{"taxonomy":"post_tag","embeddable":true,"href":"https:\/\/femergs.com.br\/wfe\/wp-json\/wp\/v2\/tags?post=1349"}],"curies":[{"name":"wp","href":"https:\/\/api.w.org\/{rel}","templated":true}]}}