{"id":1353,"date":"2024-01-27T16:09:42","date_gmt":"2024-01-27T16:09:42","guid":{"rendered":"https:\/\/femergs.com.br\/wfe\/blog\/eleita-nova-diretoria-do-sindicato-dos-municiparios-de-planalto\/"},"modified":"2025-09-02T20:00:03","modified_gmt":"2025-09-02T20:00:03","slug":"eleita-nova-diretoria-do-sindicato-dos-municiparios-de-planalto","status":"publish","type":"post","link":"https:\/\/femergs.com.br\/wfe\/blog\/eleita-nova-diretoria-do-sindicato-dos-municiparios-de-planalto\/","title":{"rendered":"Eleita nova diretoria do Sindicato dos Municip\u00e1rios de Planalto"},"content":{"rendered":"<p>Na manha do dia 20 de Janeiro de 2024, reuniram-se na C\u00e2mara de Vereadores, servidores do Sindicato dos Municip\u00e1rios de Planalto, assim como a Presidente da Federa\u00e7\u00e3o dos Municip\u00e1rios do Estado do Rio Grande do Sul &#8211; FEMERGS, Clarice Mainardi e a Secret\u00e1ria Geral, Lucinara Massolino. <br \/>\nNo momento foi realizada a elei\u00e7\u00e3o da nova diretoria, com aprova\u00e7\u00e3o de todos os votantes presentes. Tambem aproveitou-se a oportunidade para um di\u00e1logo importante, de alerta aos municip\u00e1rios de todos os ataques que podemos receber, assim como a real situa\u00e7\u00e3o financeira das prefeituras atualmente. Outro assunto importante foi a atua\u00e7\u00e3o do sindicato, que sempre deve ter foco no atendimento da base, ouvindo e dando oportunidade de buscar direitos e defender o servidor, independente de partido pol\u00edtico, mas com um olhar sindical. <br \/>\nDesejamos a Presidente Adriana e toda a sua diretoria uma atua\u00e7\u00e3o exemplar e que os desafios que encontrarem no caminho, estaremos com voc\u00eas para cruzar.<\/p>\n","protected":false},"excerpt":{"rendered":"<p>Na manha do dia 20 de Janeiro de 2024, reuniram-se na C\u00e2mara de Vereadores, servidores do Sindicato dos Municip\u00e1rios de Planalto, assim como a Presidente da Federa\u00e7\u00e3o dos Municip\u00e1rios do Estado do Rio Grande do Sul &#8211; FEMERGS, Clarice Mainardi e a Secret\u00e1ria Geral, Lucinara Massolino. No momento foi realizada a elei\u00e7\u00e3o da nova diretoria, [&hellip;]<\/p>\n","protected":false},"author":1,"featured_media":0,"comment_status":"closed","ping_status":"closed","sticky":false,"template":"","format":"standard","meta":{"_eb_attr":"","_uag_custom_page_level_css":"","fifu_image_url":"","fifu_image_alt":"","footnotes":""},"categories":[7],"tags":[32],"class_list":["post-1353","post","type-post","status-publish","format-standard","hentry","category-noticias","tag-null"],"yoast_head":"<!-- This site is optimized with the Yoast SEO plugin v27.1.1 - https:\/\/yoast.com\/product\/yoast-seo-wordpress\/ -->\n<title>Eleita nova diretoria do Sindicato dos Municip\u00e1rios de Planalto - Federa\u00e7\u00e3o dos Municip\u00e1rios do Estado do Rio Grande do Sul<\/title>\n<meta name=\"robots\" content=\"index, follow, max-snippet:-1, max-image-preview:large, max-video-preview:-1\" \/>\n<link rel=\"canonical\" href=\"https:\/\/femergs.com.br\/wfe\/blog\/eleita-nova-diretoria-do-sindicato-dos-municiparios-de-planalto\/\" \/>\n<meta property=\"og:locale\" content=\"pt_BR\" \/>\n<meta property=\"og:type\" content=\"article\" \/>\n<meta property=\"og:title\" content=\"Eleita nova diretoria do Sindicato dos Municip\u00e1rios de Planalto - Federa\u00e7\u00e3o dos Municip\u00e1rios do Estado do Rio Grande do Sul\" \/>\n<meta property=\"og:description\" content=\"Na manha do dia 20 de Janeiro de 2024, reuniram-se na C\u00e2mara de Vereadores, servidores do Sindicato dos Municip\u00e1rios de Planalto, assim como a Presidente da Federa\u00e7\u00e3o dos Municip\u00e1rios do Estado do Rio Grande do Sul &#8211; FEMERGS, Clarice Mainardi e a Secret\u00e1ria Geral, Lucinara Massolino. No momento foi realizada a elei\u00e7\u00e3o da nova diretoria, [&hellip;]\" \/>\n<meta property=\"og:url\" content=\"https:\/\/femergs.com.br\/wfe\/blog\/eleita-nova-diretoria-do-sindicato-dos-municiparios-de-planalto\/\" \/>\n<meta property=\"og:site_name\" content=\"Federa\u00e7\u00e3o dos Municip\u00e1rios do Estado do Rio Grande do Sul\" \/>\n<meta property=\"article:publisher\" content=\"https:\/\/www.facebook.com\/profile.php?id=100057151733001\" \/>\n<meta property=\"article:published_time\" content=\"2024-01-27T16:09:42+00:00\" \/>\n<meta property=\"article:modified_time\" content=\"2025-09-02T20:00:03+00:00\" \/>\n<meta name=\"author\" content=\"adminfemergs\" \/>\n<meta name=\"twitter:card\" content=\"summary_large_image\" \/>\n<meta name=\"twitter:label1\" content=\"Escrito por\" \/>\n\t<meta name=\"twitter:data1\" content=\"adminfemergs\" \/>\n\t<meta name=\"twitter:label2\" content=\"Est. tempo de leitura\" \/>\n\t<meta name=\"twitter:data2\" content=\"1 minuto\" \/>\n<script type=\"application\/ld+json\" class=\"yoast-schema-graph\">{\"@context\":\"https:\/\/schema.org\",\"@graph\":[{\"@type\":\"Article\",\"@id\":\"https:\/\/femergs.com.br\/wfe\/blog\/eleita-nova-diretoria-do-sindicato-dos-municiparios-de-planalto\/#article\",\"isPartOf\":{\"@id\":\"https:\/\/femergs.com.br\/wfe\/blog\/eleita-nova-diretoria-do-sindicato-dos-municiparios-de-planalto\/\"},\"author\":{\"name\":\"adminfemergs\",\"@id\":\"https:\/\/femergs.com.br\/wfe\/#\/schema\/person\/f5558e6b5ffc044ee085016237dedb7f\"},\"headline\":\"Eleita nova diretoria do Sindicato dos Municip\u00e1rios de Planalto\",\"datePublished\":\"2024-01-27T16:09:42+00:00\",\"dateModified\":\"2025-09-02T20:00:03+00:00\",\"mainEntityOfPage\":{\"@id\":\"https:\/\/femergs.com.br\/wfe\/blog\/eleita-nova-diretoria-do-sindicato-dos-municiparios-de-planalto\/\"},\"wordCount\":174,\"publisher\":{\"@id\":\"https:\/\/femergs.com.br\/wfe\/#organization\"},\"keywords\":[\"NULL\"],\"articleSection\":[\"Not\u00edcias Gerais\"],\"inLanguage\":\"pt-BR\"},{\"@type\":\"WebPage\",\"@id\":\"https:\/\/femergs.com.br\/wfe\/blog\/eleita-nova-diretoria-do-sindicato-dos-municiparios-de-planalto\/\",\"url\":\"https:\/\/femergs.com.br\/wfe\/blog\/eleita-nova-diretoria-do-sindicato-dos-municiparios-de-planalto\/\",\"name\":\"Eleita nova diretoria do Sindicato dos Municip\u00e1rios de Planalto - Federa\u00e7\u00e3o dos Municip\u00e1rios do Estado do Rio Grande do Sul\",\"isPartOf\":{\"@id\":\"https:\/\/femergs.com.br\/wfe\/#website\"},\"datePublished\":\"2024-01-27T16:09:42+00:00\",\"dateModified\":\"2025-09-02T20:00:03+00:00\",\"breadcrumb\":{\"@id\":\"https:\/\/femergs.com.br\/wfe\/blog\/eleita-nova-diretoria-do-sindicato-dos-municiparios-de-planalto\/#breadcrumb\"},\"inLanguage\":\"pt-BR\",\"potentialAction\":[{\"@type\":\"ReadAction\",\"target\":[\"https:\/\/femergs.com.br\/wfe\/blog\/eleita-nova-diretoria-do-sindicato-dos-municiparios-de-planalto\/\"]}]},{\"@type\":\"BreadcrumbList\",\"@id\":\"https:\/\/femergs.com.br\/wfe\/blog\/eleita-nova-diretoria-do-sindicato-dos-municiparios-de-planalto\/#breadcrumb\",\"itemListElement\":[{\"@type\":\"ListItem\",\"position\":1,\"name\":\"In\u00edcio\",\"item\":\"https:\/\/femergs.com.br\/wfe\/\"},{\"@type\":\"ListItem\",\"position\":2,\"name\":\"Eleita nova diretoria do Sindicato dos Municip\u00e1rios de Planalto\"}]},{\"@type\":\"WebSite\",\"@id\":\"https:\/\/femergs.com.br\/wfe\/#website\",\"url\":\"https:\/\/femergs.com.br\/wfe\/\",\"name\":\"FEMERGS\",\"description\":\"FEDERA\u00c7\u00c3O DOS MUNICIP\u00c1RIOS DO ESTADO DO RIO GRANDE DO SUL\",\"publisher\":{\"@id\":\"https:\/\/femergs.com.br\/wfe\/#organization\"},\"potentialAction\":[{\"@type\":\"SearchAction\",\"target\":{\"@type\":\"EntryPoint\",\"urlTemplate\":\"https:\/\/femergs.com.br\/wfe\/?s={search_term_string}\"},\"query-input\":{\"@type\":\"PropertyValueSpecification\",\"valueRequired\":true,\"valueName\":\"search_term_string\"}}],\"inLanguage\":\"pt-BR\"},{\"@type\":\"Organization\",\"@id\":\"https:\/\/femergs.com.br\/wfe\/#organization\",\"name\":\"FEMERGS\",\"url\":\"https:\/\/femergs.com.br\/wfe\/\",\"logo\":{\"@type\":\"ImageObject\",\"inLanguage\":\"pt-BR\",\"@id\":\"https:\/\/femergs.com.br\/wfe\/#\/schema\/logo\/image\/\",\"url\":\"https:\/\/femergs.com.br\/wfe\/wp-content\/uploads\/2025\/06\/logotipo.png\",\"contentUrl\":\"https:\/\/femergs.com.br\/wfe\/wp-content\/uploads\/2025\/06\/logotipo.png\",\"width\":500,\"height\":500,\"caption\":\"FEMERGS\"},\"image\":{\"@id\":\"https:\/\/femergs.com.br\/wfe\/#\/schema\/logo\/image\/\"},\"sameAs\":[\"https:\/\/www.facebook.com\/profile.php?id=100057151733001\",\"https:\/\/www.instagram.com\/femergs_rs\/\"]},{\"@type\":\"Person\",\"@id\":\"https:\/\/femergs.com.br\/wfe\/#\/schema\/person\/f5558e6b5ffc044ee085016237dedb7f\",\"name\":\"adminfemergs\",\"image\":{\"@type\":\"ImageObject\",\"inLanguage\":\"pt-BR\",\"@id\":\"https:\/\/femergs.com.br\/wfe\/#\/schema\/person\/image\/\",\"url\":\"https:\/\/secure.gravatar.com\/avatar\/398642fa557cdd524617ad9b31c938845f071aeb3448b9c0aeb29aefc495337b?s=96&d=mm&r=g\",\"contentUrl\":\"https:\/\/secure.gravatar.com\/avatar\/398642fa557cdd524617ad9b31c938845f071aeb3448b9c0aeb29aefc495337b?s=96&d=mm&r=g\",\"caption\":\"adminfemergs\"},\"sameAs\":[\"https:\/\/femergs.com.br\/wfe\"],\"url\":\"https:\/\/femergs.com.br\/wfe\/blog\/author\/adminfemergs\/\"}]}<\/script>\n<!-- \/ Yoast SEO plugin. -->","yoast_head_json":{"title":"Eleita nova diretoria do Sindicato dos Municip\u00e1rios de Planalto - Federa\u00e7\u00e3o dos Municip\u00e1rios do Estado do Rio Grande do Sul","robots":{"index":"index","follow":"follow","max-snippet":"max-snippet:-1","max-image-preview":"max-image-preview:large","max-video-preview":"max-video-preview:-1"},"canonical":"https:\/\/femergs.com.br\/wfe\/blog\/eleita-nova-diretoria-do-sindicato-dos-municiparios-de-planalto\/","og_locale":"pt_BR","og_type":"article","og_title":"Eleita nova diretoria do Sindicato dos Municip\u00e1rios de Planalto - Federa\u00e7\u00e3o dos Municip\u00e1rios do Estado do Rio Grande do Sul","og_description":"Na manha do dia 20 de Janeiro de 2024, reuniram-se na C\u00e2mara de Vereadores, servidores do Sindicato dos Municip\u00e1rios de Planalto, assim como a Presidente da Federa\u00e7\u00e3o dos Municip\u00e1rios do Estado do Rio Grande do Sul &#8211; FEMERGS, Clarice Mainardi e a Secret\u00e1ria Geral, Lucinara Massolino. No momento foi realizada a elei\u00e7\u00e3o da nova diretoria, [&hellip;]","og_url":"https:\/\/femergs.com.br\/wfe\/blog\/eleita-nova-diretoria-do-sindicato-dos-municiparios-de-planalto\/","og_site_name":"Federa\u00e7\u00e3o dos Municip\u00e1rios do Estado do Rio Grande do Sul","article_publisher":"https:\/\/www.facebook.com\/profile.php?id=100057151733001","article_published_time":"2024-01-27T16:09:42+00:00","article_modified_time":"2025-09-02T20:00:03+00:00","author":"adminfemergs","twitter_card":"summary_large_image","twitter_misc":{"Escrito por":"adminfemergs","Est. tempo de leitura":"1 minuto"},"schema":{"@context":"https:\/\/schema.org","@graph":[{"@type":"Article","@id":"https:\/\/femergs.com.br\/wfe\/blog\/eleita-nova-diretoria-do-sindicato-dos-municiparios-de-planalto\/#article","isPartOf":{"@id":"https:\/\/femergs.com.br\/wfe\/blog\/eleita-nova-diretoria-do-sindicato-dos-municiparios-de-planalto\/"},"author":{"name":"adminfemergs","@id":"https:\/\/femergs.com.br\/wfe\/#\/schema\/person\/f5558e6b5ffc044ee085016237dedb7f"},"headline":"Eleita nova diretoria do Sindicato dos Municip\u00e1rios de Planalto","datePublished":"2024-01-27T16:09:42+00:00","dateModified":"2025-09-02T20:00:03+00:00","mainEntityOfPage":{"@id":"https:\/\/femergs.com.br\/wfe\/blog\/eleita-nova-diretoria-do-sindicato-dos-municiparios-de-planalto\/"},"wordCount":174,"publisher":{"@id":"https:\/\/femergs.com.br\/wfe\/#organization"},"keywords":["NULL"],"articleSection":["Not\u00edcias Gerais"],"inLanguage":"pt-BR"},{"@type":"WebPage","@id":"https:\/\/femergs.com.br\/wfe\/blog\/eleita-nova-diretoria-do-sindicato-dos-municiparios-de-planalto\/","url":"https:\/\/femergs.com.br\/wfe\/blog\/eleita-nova-diretoria-do-sindicato-dos-municiparios-de-planalto\/","name":"Eleita nova diretoria do Sindicato dos Municip\u00e1rios de Planalto - Federa\u00e7\u00e3o dos Municip\u00e1rios do Estado do Rio Grande do Sul","isPartOf":{"@id":"https:\/\/femergs.com.br\/wfe\/#website"},"datePublished":"2024-01-27T16:09:42+00:00","dateModified":"2025-09-02T20:00:03+00:00","breadcrumb":{"@id":"https:\/\/femergs.com.br\/wfe\/blog\/eleita-nova-diretoria-do-sindicato-dos-municiparios-de-planalto\/#breadcrumb"},"inLanguage":"pt-BR","potentialAction":[{"@type":"ReadAction","target":["https:\/\/femergs.com.br\/wfe\/blog\/eleita-nova-diretoria-do-sindicato-dos-municiparios-de-planalto\/"]}]},{"@type":"BreadcrumbList","@id":"https:\/\/femergs.com.br\/wfe\/blog\/eleita-nova-diretoria-do-sindicato-dos-municiparios-de-planalto\/#breadcrumb","itemListElement":[{"@type":"ListItem","position":1,"name":"In\u00edcio","item":"https:\/\/femergs.com.br\/wfe\/"},{"@type":"ListItem","position":2,"name":"Eleita nova diretoria do Sindicato dos Municip\u00e1rios de Planalto"}]},{"@type":"WebSite","@id":"https:\/\/femergs.com.br\/wfe\/#website","url":"https:\/\/femergs.com.br\/wfe\/","name":"FEMERGS","description":"FEDERA\u00c7\u00c3O DOS MUNICIP\u00c1RIOS DO ESTADO DO RIO GRANDE DO SUL","publisher":{"@id":"https:\/\/femergs.com.br\/wfe\/#organization"},"potentialAction":[{"@type":"SearchAction","target":{"@type":"EntryPoint","urlTemplate":"https:\/\/femergs.com.br\/wfe\/?s={search_term_string}"},"query-input":{"@type":"PropertyValueSpecification","valueRequired":true,"valueName":"search_term_string"}}],"inLanguage":"pt-BR"},{"@type":"Organization","@id":"https:\/\/femergs.com.br\/wfe\/#organization","name":"FEMERGS","url":"https:\/\/femergs.com.br\/wfe\/","logo":{"@type":"ImageObject","inLanguage":"pt-BR","@id":"https:\/\/femergs.com.br\/wfe\/#\/schema\/logo\/image\/","url":"https:\/\/femergs.com.br\/wfe\/wp-content\/uploads\/2025\/06\/logotipo.png","contentUrl":"https:\/\/femergs.com.br\/wfe\/wp-content\/uploads\/2025\/06\/logotipo.png","width":500,"height":500,"caption":"FEMERGS"},"image":{"@id":"https:\/\/femergs.com.br\/wfe\/#\/schema\/logo\/image\/"},"sameAs":["https:\/\/www.facebook.com\/profile.php?id=100057151733001","https:\/\/www.instagram.com\/femergs_rs\/"]},{"@type":"Person","@id":"https:\/\/femergs.com.br\/wfe\/#\/schema\/person\/f5558e6b5ffc044ee085016237dedb7f","name":"adminfemergs","image":{"@type":"ImageObject","inLanguage":"pt-BR","@id":"https:\/\/femergs.com.br\/wfe\/#\/schema\/person\/image\/","url":"https:\/\/secure.gravatar.com\/avatar\/398642fa557cdd524617ad9b31c938845f071aeb3448b9c0aeb29aefc495337b?s=96&d=mm&r=g","contentUrl":"https:\/\/secure.gravatar.com\/avatar\/398642fa557cdd524617ad9b31c938845f071aeb3448b9c0aeb29aefc495337b?s=96&d=mm&r=g","caption":"adminfemergs"},"sameAs":["https:\/\/femergs.com.br\/wfe"],"url":"https:\/\/femergs.com.br\/wfe\/blog\/author\/adminfemergs\/"}]}},"uagb_featured_image_src":{"full":false,"thumbnail":false,"medium":false,"medium_large":false,"large":false,"1536x1536":false,"2048x2048":false,"ultp_layout_landscape_large":false,"ultp_layout_landscape":false,"ultp_layout_portrait":false,"ultp_layout_square":false},"uagb_author_info":{"display_name":"adminfemergs","author_link":"https:\/\/femergs.com.br\/wfe\/blog\/author\/adminfemergs\/"},"uagb_comment_info":0,"uagb_excerpt":"Na manha do dia 20 de Janeiro de 2024, reuniram-se na C\u00e2mara de Vereadores, servidores do Sindicato dos Municip\u00e1rios de Planalto, assim como a Presidente da Federa\u00e7\u00e3o dos Municip\u00e1rios do Estado do Rio Grande do Sul &#8211; FEMERGS, Clarice Mainardi e a Secret\u00e1ria Geral, Lucinara Massolino. No momento foi realizada a elei\u00e7\u00e3o da nova diretoria,&hellip;","_links":{"self":[{"href":"https:\/\/femergs.com.br\/wfe\/wp-json\/wp\/v2\/posts\/1353","targetHints":{"allow":["GET"]}}],"collection":[{"href":"https:\/\/femergs.com.br\/wfe\/wp-json\/wp\/v2\/posts"}],"about":[{"href":"https:\/\/femergs.com.br\/wfe\/wp-json\/wp\/v2\/types\/post"}],"author":[{"embeddable":true,"href":"https:\/\/femergs.com.br\/wfe\/wp-json\/wp\/v2\/users\/1"}],"replies":[{"embeddable":true,"href":"https:\/\/femergs.com.br\/wfe\/wp-json\/wp\/v2\/comments?post=1353"}],"version-history":[{"count":1,"href":"https:\/\/femergs.com.br\/wfe\/wp-json\/wp\/v2\/posts\/1353\/revisions"}],"predecessor-version":[{"id":1478,"href":"https:\/\/femergs.com.br\/wfe\/wp-json\/wp\/v2\/posts\/1353\/revisions\/1478"}],"wp:attachment":[{"href":"https:\/\/femergs.com.br\/wfe\/wp-json\/wp\/v2\/media?parent=1353"}],"wp:term":[{"taxonomy":"category","embeddable":true,"href":"https:\/\/femergs.com.br\/wfe\/wp-json\/wp\/v2\/categories?post=1353"},{"taxonomy":"post_tag","embeddable":true,"href":"https:\/\/femergs.com.br\/wfe\/wp-json\/wp\/v2\/tags?post=1353"}],"curies":[{"name":"wp","href":"https:\/\/api.w.org\/{rel}","templated":true}]}}