{"id":1360,"date":"2024-06-27T15:40:31","date_gmt":"2024-06-27T15:40:31","guid":{"rendered":"https:\/\/femergs.com.br\/wfe\/blog\/femergs-em-acao\/"},"modified":"2025-09-02T20:00:02","modified_gmt":"2025-09-02T20:00:02","slug":"femergs-em-acao","status":"publish","type":"post","link":"https:\/\/femergs.com.br\/wfe\/blog\/femergs-em-acao\/","title":{"rendered":"FEMERGS EM A\u00c7\u00c3O!!"},"content":{"rendered":"<p>No dia 27 de junho de 2024, a Presidenta da Federa\u00e7\u00e3o dos Municip\u00e1rios do RS \u2013 FEMERGS, Clarice In\u00eas Mainardi,  marcou presen\u00e7a na reuni\u00e3o organizada pela Fessergs, para juntamente com mais de trinta entidades representativas de servidores p\u00fablicos do RS para construir uma participa\u00e7\u00e3o relevante junto ao Conselho do Plano Rio Grande.<br \/>\n                   Em sua fala a Presidenta da FEMERGS, ressaltou que a hora \u00e9 de reconstru\u00e7\u00e3o, com foco na garantia da popula\u00e7\u00e3o ga\u00facha que foi atingida possa voltar a construir o futuro com garantia de dignidade, mas, que como representante dos Servidores P\u00fablicos Municipais, defender\u00e1 em cada a\u00e7\u00e3o a defesa do servidor, que equivocadamente perdeu direitos na crise do COVID pela alega\u00e7\u00e3o de queda da arrecada\u00e7\u00e3o, pelo gasto em sa\u00fade, e no fechamento das receitas o que vimos foi crescimento acima da m\u00e9dia da RCL \u2013 Receita Corrente Liquida. Da mesma maneira agora a Situa\u00e7\u00e3o de Calamidade P\u00fablica tem sido utilizada para contratos e obras que n\u00e3o ser\u00e3o garantia de que novas trag\u00e9dias clim\u00e1ticas aconte\u00e7am. Neste contexto a FEMERGS \u00e9 parceira na reconstru\u00e7\u00e3o, o Servidor P\u00fablico Municipal n\u00e3o pode mais pagar a conta perdendo mais do seu sal\u00e1rio, que por sinal \u00e9 baix\u00edssimo em todo Estado, por fim parabenizou o Presidente da Fessergs pela magnifica iniciativa.<br \/>\nO Presidente da FESSERGS, com maestria lembrou que a constru\u00e7\u00e3o deve ocorrer com pauta unificada, e os servidores devem ser reconhecidos como protagonistas e n\u00e3o apenas os tarefeiros, \u00e9 hora de mostrar unidade e que ele ser\u00e1 articulador de todas estas pautas no Conselho de reconstru\u00e7\u00e3o. J\u00e1 o diretor do Departamento Humanos da AJURIS, Mauro Borba, reiterou que os servidores devem aproveitar o espa\u00e7o concedida para abrir espa\u00e7o e consolidar a import\u00e2ncia dos servidores nas pautas de reconstru\u00e7\u00e3o do RS. O Presidente do SINTERGS, Nelcir Varnier, afirmou ser o momento de somar for\u00e7as e valorizar a participa\u00e7\u00e3o de todas as entidades da categoria com uma fiscaliza\u00e7\u00e3o constante na correta utiliza\u00e7\u00e3o das mais diversas verbas que est\u00e3o sendo destinados ao RS. Por fim o representante do SUDAER, Paulo Ricardo Velho, relembrou que o sucateamento do \u00f3rg\u00e3o DAER que hoje conta com um quadro incapaz de garantir as demandas no RS,  e, em pouco tempo ter\u00e1 mais de cinquenta por cento do quadro com direito a aposentadoria. O seu relato provou que o sucateamento dos departamentos estatais respons\u00e1veis por estradas, pontes, bueiros foram causa do  agravamento da trag\u00e9dia que ocorreu no RS.<\/p>\n","protected":false},"excerpt":{"rendered":"<p>No dia 27 de junho de 2024, a Presidenta da Federa\u00e7\u00e3o dos Municip\u00e1rios do RS \u2013 FEMERGS, Clarice In\u00eas Mainardi, marcou presen\u00e7a na reuni\u00e3o organizada pela Fessergs, para juntamente com mais de trinta entidades representativas de servidores p\u00fablicos do RS para construir uma participa\u00e7\u00e3o relevante junto ao Conselho do Plano Rio Grande. Em sua fala [&hellip;]<\/p>\n","protected":false},"author":1,"featured_media":0,"comment_status":"closed","ping_status":"closed","sticky":false,"template":"","format":"standard","meta":{"_eb_attr":"","_uag_custom_page_level_css":"","fifu_image_url":"","fifu_image_alt":"","footnotes":""},"categories":[7],"tags":[32],"class_list":["post-1360","post","type-post","status-publish","format-standard","hentry","category-noticias","tag-null"],"yoast_head":"<!-- This site is optimized with the Yoast SEO plugin v27.1.1 - https:\/\/yoast.com\/product\/yoast-seo-wordpress\/ -->\n<title>FEMERGS EM A\u00c7\u00c3O!! - Federa\u00e7\u00e3o dos Municip\u00e1rios do Estado do Rio Grande do Sul<\/title>\n<meta name=\"robots\" content=\"index, follow, max-snippet:-1, max-image-preview:large, max-video-preview:-1\" \/>\n<link rel=\"canonical\" href=\"https:\/\/femergs.com.br\/wfe\/blog\/femergs-em-acao\/\" \/>\n<meta property=\"og:locale\" content=\"pt_BR\" \/>\n<meta property=\"og:type\" content=\"article\" \/>\n<meta property=\"og:title\" content=\"FEMERGS EM A\u00c7\u00c3O!! - Federa\u00e7\u00e3o dos Municip\u00e1rios do Estado do Rio Grande do Sul\" \/>\n<meta property=\"og:description\" content=\"No dia 27 de junho de 2024, a Presidenta da Federa\u00e7\u00e3o dos Municip\u00e1rios do RS \u2013 FEMERGS, Clarice In\u00eas Mainardi, marcou presen\u00e7a na reuni\u00e3o organizada pela Fessergs, para juntamente com mais de trinta entidades representativas de servidores p\u00fablicos do RS para construir uma participa\u00e7\u00e3o relevante junto ao Conselho do Plano Rio Grande. Em sua fala [&hellip;]\" \/>\n<meta property=\"og:url\" content=\"https:\/\/femergs.com.br\/wfe\/blog\/femergs-em-acao\/\" \/>\n<meta property=\"og:site_name\" content=\"Federa\u00e7\u00e3o dos Municip\u00e1rios do Estado do Rio Grande do Sul\" \/>\n<meta property=\"article:publisher\" content=\"https:\/\/www.facebook.com\/profile.php?id=100057151733001\" \/>\n<meta property=\"article:published_time\" content=\"2024-06-27T15:40:31+00:00\" \/>\n<meta property=\"article:modified_time\" content=\"2025-09-02T20:00:02+00:00\" \/>\n<meta name=\"author\" content=\"adminfemergs\" \/>\n<meta name=\"twitter:card\" content=\"summary_large_image\" \/>\n<meta name=\"twitter:label1\" content=\"Escrito por\" \/>\n\t<meta name=\"twitter:data1\" content=\"adminfemergs\" \/>\n\t<meta name=\"twitter:label2\" content=\"Est. tempo de leitura\" \/>\n\t<meta name=\"twitter:data2\" content=\"2 minutos\" \/>\n<script type=\"application\/ld+json\" class=\"yoast-schema-graph\">{\"@context\":\"https:\/\/schema.org\",\"@graph\":[{\"@type\":\"Article\",\"@id\":\"https:\/\/femergs.com.br\/wfe\/blog\/femergs-em-acao\/#article\",\"isPartOf\":{\"@id\":\"https:\/\/femergs.com.br\/wfe\/blog\/femergs-em-acao\/\"},\"author\":{\"name\":\"adminfemergs\",\"@id\":\"https:\/\/femergs.com.br\/wfe\/#\/schema\/person\/f5558e6b5ffc044ee085016237dedb7f\"},\"headline\":\"FEMERGS EM A\u00c7\u00c3O!!\",\"datePublished\":\"2024-06-27T15:40:31+00:00\",\"dateModified\":\"2025-09-02T20:00:02+00:00\",\"mainEntityOfPage\":{\"@id\":\"https:\/\/femergs.com.br\/wfe\/blog\/femergs-em-acao\/\"},\"wordCount\":435,\"publisher\":{\"@id\":\"https:\/\/femergs.com.br\/wfe\/#organization\"},\"keywords\":[\"NULL\"],\"articleSection\":[\"Not\u00edcias Gerais\"],\"inLanguage\":\"pt-BR\"},{\"@type\":\"WebPage\",\"@id\":\"https:\/\/femergs.com.br\/wfe\/blog\/femergs-em-acao\/\",\"url\":\"https:\/\/femergs.com.br\/wfe\/blog\/femergs-em-acao\/\",\"name\":\"FEMERGS EM A\u00c7\u00c3O!! - Federa\u00e7\u00e3o dos Municip\u00e1rios do Estado do Rio Grande do Sul\",\"isPartOf\":{\"@id\":\"https:\/\/femergs.com.br\/wfe\/#website\"},\"datePublished\":\"2024-06-27T15:40:31+00:00\",\"dateModified\":\"2025-09-02T20:00:02+00:00\",\"breadcrumb\":{\"@id\":\"https:\/\/femergs.com.br\/wfe\/blog\/femergs-em-acao\/#breadcrumb\"},\"inLanguage\":\"pt-BR\",\"potentialAction\":[{\"@type\":\"ReadAction\",\"target\":[\"https:\/\/femergs.com.br\/wfe\/blog\/femergs-em-acao\/\"]}]},{\"@type\":\"BreadcrumbList\",\"@id\":\"https:\/\/femergs.com.br\/wfe\/blog\/femergs-em-acao\/#breadcrumb\",\"itemListElement\":[{\"@type\":\"ListItem\",\"position\":1,\"name\":\"In\u00edcio\",\"item\":\"https:\/\/femergs.com.br\/wfe\/\"},{\"@type\":\"ListItem\",\"position\":2,\"name\":\"FEMERGS EM A\u00c7\u00c3O!!\"}]},{\"@type\":\"WebSite\",\"@id\":\"https:\/\/femergs.com.br\/wfe\/#website\",\"url\":\"https:\/\/femergs.com.br\/wfe\/\",\"name\":\"FEMERGS\",\"description\":\"FEDERA\u00c7\u00c3O DOS MUNICIP\u00c1RIOS DO ESTADO DO RIO GRANDE DO SUL\",\"publisher\":{\"@id\":\"https:\/\/femergs.com.br\/wfe\/#organization\"},\"potentialAction\":[{\"@type\":\"SearchAction\",\"target\":{\"@type\":\"EntryPoint\",\"urlTemplate\":\"https:\/\/femergs.com.br\/wfe\/?s={search_term_string}\"},\"query-input\":{\"@type\":\"PropertyValueSpecification\",\"valueRequired\":true,\"valueName\":\"search_term_string\"}}],\"inLanguage\":\"pt-BR\"},{\"@type\":\"Organization\",\"@id\":\"https:\/\/femergs.com.br\/wfe\/#organization\",\"name\":\"FEMERGS\",\"url\":\"https:\/\/femergs.com.br\/wfe\/\",\"logo\":{\"@type\":\"ImageObject\",\"inLanguage\":\"pt-BR\",\"@id\":\"https:\/\/femergs.com.br\/wfe\/#\/schema\/logo\/image\/\",\"url\":\"https:\/\/femergs.com.br\/wfe\/wp-content\/uploads\/2025\/06\/logotipo.png\",\"contentUrl\":\"https:\/\/femergs.com.br\/wfe\/wp-content\/uploads\/2025\/06\/logotipo.png\",\"width\":500,\"height\":500,\"caption\":\"FEMERGS\"},\"image\":{\"@id\":\"https:\/\/femergs.com.br\/wfe\/#\/schema\/logo\/image\/\"},\"sameAs\":[\"https:\/\/www.facebook.com\/profile.php?id=100057151733001\",\"https:\/\/www.instagram.com\/femergs_rs\/\"]},{\"@type\":\"Person\",\"@id\":\"https:\/\/femergs.com.br\/wfe\/#\/schema\/person\/f5558e6b5ffc044ee085016237dedb7f\",\"name\":\"adminfemergs\",\"image\":{\"@type\":\"ImageObject\",\"inLanguage\":\"pt-BR\",\"@id\":\"https:\/\/femergs.com.br\/wfe\/#\/schema\/person\/image\/\",\"url\":\"https:\/\/secure.gravatar.com\/avatar\/398642fa557cdd524617ad9b31c938845f071aeb3448b9c0aeb29aefc495337b?s=96&d=mm&r=g\",\"contentUrl\":\"https:\/\/secure.gravatar.com\/avatar\/398642fa557cdd524617ad9b31c938845f071aeb3448b9c0aeb29aefc495337b?s=96&d=mm&r=g\",\"caption\":\"adminfemergs\"},\"sameAs\":[\"https:\/\/femergs.com.br\/wfe\"],\"url\":\"https:\/\/femergs.com.br\/wfe\/blog\/author\/adminfemergs\/\"}]}<\/script>\n<!-- \/ Yoast SEO plugin. -->","yoast_head_json":{"title":"FEMERGS EM A\u00c7\u00c3O!! - Federa\u00e7\u00e3o dos Municip\u00e1rios do Estado do Rio Grande do Sul","robots":{"index":"index","follow":"follow","max-snippet":"max-snippet:-1","max-image-preview":"max-image-preview:large","max-video-preview":"max-video-preview:-1"},"canonical":"https:\/\/femergs.com.br\/wfe\/blog\/femergs-em-acao\/","og_locale":"pt_BR","og_type":"article","og_title":"FEMERGS EM A\u00c7\u00c3O!! - Federa\u00e7\u00e3o dos Municip\u00e1rios do Estado do Rio Grande do Sul","og_description":"No dia 27 de junho de 2024, a Presidenta da Federa\u00e7\u00e3o dos Municip\u00e1rios do RS \u2013 FEMERGS, Clarice In\u00eas Mainardi, marcou presen\u00e7a na reuni\u00e3o organizada pela Fessergs, para juntamente com mais de trinta entidades representativas de servidores p\u00fablicos do RS para construir uma participa\u00e7\u00e3o relevante junto ao Conselho do Plano Rio Grande. Em sua fala [&hellip;]","og_url":"https:\/\/femergs.com.br\/wfe\/blog\/femergs-em-acao\/","og_site_name":"Federa\u00e7\u00e3o dos Municip\u00e1rios do Estado do Rio Grande do Sul","article_publisher":"https:\/\/www.facebook.com\/profile.php?id=100057151733001","article_published_time":"2024-06-27T15:40:31+00:00","article_modified_time":"2025-09-02T20:00:02+00:00","author":"adminfemergs","twitter_card":"summary_large_image","twitter_misc":{"Escrito por":"adminfemergs","Est. tempo de leitura":"2 minutos"},"schema":{"@context":"https:\/\/schema.org","@graph":[{"@type":"Article","@id":"https:\/\/femergs.com.br\/wfe\/blog\/femergs-em-acao\/#article","isPartOf":{"@id":"https:\/\/femergs.com.br\/wfe\/blog\/femergs-em-acao\/"},"author":{"name":"adminfemergs","@id":"https:\/\/femergs.com.br\/wfe\/#\/schema\/person\/f5558e6b5ffc044ee085016237dedb7f"},"headline":"FEMERGS EM A\u00c7\u00c3O!!","datePublished":"2024-06-27T15:40:31+00:00","dateModified":"2025-09-02T20:00:02+00:00","mainEntityOfPage":{"@id":"https:\/\/femergs.com.br\/wfe\/blog\/femergs-em-acao\/"},"wordCount":435,"publisher":{"@id":"https:\/\/femergs.com.br\/wfe\/#organization"},"keywords":["NULL"],"articleSection":["Not\u00edcias Gerais"],"inLanguage":"pt-BR"},{"@type":"WebPage","@id":"https:\/\/femergs.com.br\/wfe\/blog\/femergs-em-acao\/","url":"https:\/\/femergs.com.br\/wfe\/blog\/femergs-em-acao\/","name":"FEMERGS EM A\u00c7\u00c3O!! - Federa\u00e7\u00e3o dos Municip\u00e1rios do Estado do Rio Grande do Sul","isPartOf":{"@id":"https:\/\/femergs.com.br\/wfe\/#website"},"datePublished":"2024-06-27T15:40:31+00:00","dateModified":"2025-09-02T20:00:02+00:00","breadcrumb":{"@id":"https:\/\/femergs.com.br\/wfe\/blog\/femergs-em-acao\/#breadcrumb"},"inLanguage":"pt-BR","potentialAction":[{"@type":"ReadAction","target":["https:\/\/femergs.com.br\/wfe\/blog\/femergs-em-acao\/"]}]},{"@type":"BreadcrumbList","@id":"https:\/\/femergs.com.br\/wfe\/blog\/femergs-em-acao\/#breadcrumb","itemListElement":[{"@type":"ListItem","position":1,"name":"In\u00edcio","item":"https:\/\/femergs.com.br\/wfe\/"},{"@type":"ListItem","position":2,"name":"FEMERGS EM A\u00c7\u00c3O!!"}]},{"@type":"WebSite","@id":"https:\/\/femergs.com.br\/wfe\/#website","url":"https:\/\/femergs.com.br\/wfe\/","name":"FEMERGS","description":"FEDERA\u00c7\u00c3O DOS MUNICIP\u00c1RIOS DO ESTADO DO RIO GRANDE DO SUL","publisher":{"@id":"https:\/\/femergs.com.br\/wfe\/#organization"},"potentialAction":[{"@type":"SearchAction","target":{"@type":"EntryPoint","urlTemplate":"https:\/\/femergs.com.br\/wfe\/?s={search_term_string}"},"query-input":{"@type":"PropertyValueSpecification","valueRequired":true,"valueName":"search_term_string"}}],"inLanguage":"pt-BR"},{"@type":"Organization","@id":"https:\/\/femergs.com.br\/wfe\/#organization","name":"FEMERGS","url":"https:\/\/femergs.com.br\/wfe\/","logo":{"@type":"ImageObject","inLanguage":"pt-BR","@id":"https:\/\/femergs.com.br\/wfe\/#\/schema\/logo\/image\/","url":"https:\/\/femergs.com.br\/wfe\/wp-content\/uploads\/2025\/06\/logotipo.png","contentUrl":"https:\/\/femergs.com.br\/wfe\/wp-content\/uploads\/2025\/06\/logotipo.png","width":500,"height":500,"caption":"FEMERGS"},"image":{"@id":"https:\/\/femergs.com.br\/wfe\/#\/schema\/logo\/image\/"},"sameAs":["https:\/\/www.facebook.com\/profile.php?id=100057151733001","https:\/\/www.instagram.com\/femergs_rs\/"]},{"@type":"Person","@id":"https:\/\/femergs.com.br\/wfe\/#\/schema\/person\/f5558e6b5ffc044ee085016237dedb7f","name":"adminfemergs","image":{"@type":"ImageObject","inLanguage":"pt-BR","@id":"https:\/\/femergs.com.br\/wfe\/#\/schema\/person\/image\/","url":"https:\/\/secure.gravatar.com\/avatar\/398642fa557cdd524617ad9b31c938845f071aeb3448b9c0aeb29aefc495337b?s=96&d=mm&r=g","contentUrl":"https:\/\/secure.gravatar.com\/avatar\/398642fa557cdd524617ad9b31c938845f071aeb3448b9c0aeb29aefc495337b?s=96&d=mm&r=g","caption":"adminfemergs"},"sameAs":["https:\/\/femergs.com.br\/wfe"],"url":"https:\/\/femergs.com.br\/wfe\/blog\/author\/adminfemergs\/"}]}},"uagb_featured_image_src":{"full":false,"thumbnail":false,"medium":false,"medium_large":false,"large":false,"1536x1536":false,"2048x2048":false,"ultp_layout_landscape_large":false,"ultp_layout_landscape":false,"ultp_layout_portrait":false,"ultp_layout_square":false},"uagb_author_info":{"display_name":"adminfemergs","author_link":"https:\/\/femergs.com.br\/wfe\/blog\/author\/adminfemergs\/"},"uagb_comment_info":0,"uagb_excerpt":"No dia 27 de junho de 2024, a Presidenta da Federa\u00e7\u00e3o dos Municip\u00e1rios do RS \u2013 FEMERGS, Clarice In\u00eas Mainardi, marcou presen\u00e7a na reuni\u00e3o organizada pela Fessergs, para juntamente com mais de trinta entidades representativas de servidores p\u00fablicos do RS para construir uma participa\u00e7\u00e3o relevante junto ao Conselho do Plano Rio Grande. Em sua fala&hellip;","_links":{"self":[{"href":"https:\/\/femergs.com.br\/wfe\/wp-json\/wp\/v2\/posts\/1360","targetHints":{"allow":["GET"]}}],"collection":[{"href":"https:\/\/femergs.com.br\/wfe\/wp-json\/wp\/v2\/posts"}],"about":[{"href":"https:\/\/femergs.com.br\/wfe\/wp-json\/wp\/v2\/types\/post"}],"author":[{"embeddable":true,"href":"https:\/\/femergs.com.br\/wfe\/wp-json\/wp\/v2\/users\/1"}],"replies":[{"embeddable":true,"href":"https:\/\/femergs.com.br\/wfe\/wp-json\/wp\/v2\/comments?post=1360"}],"version-history":[{"count":1,"href":"https:\/\/femergs.com.br\/wfe\/wp-json\/wp\/v2\/posts\/1360\/revisions"}],"predecessor-version":[{"id":1472,"href":"https:\/\/femergs.com.br\/wfe\/wp-json\/wp\/v2\/posts\/1360\/revisions\/1472"}],"wp:attachment":[{"href":"https:\/\/femergs.com.br\/wfe\/wp-json\/wp\/v2\/media?parent=1360"}],"wp:term":[{"taxonomy":"category","embeddable":true,"href":"https:\/\/femergs.com.br\/wfe\/wp-json\/wp\/v2\/categories?post=1360"},{"taxonomy":"post_tag","embeddable":true,"href":"https:\/\/femergs.com.br\/wfe\/wp-json\/wp\/v2\/tags?post=1360"}],"curies":[{"name":"wp","href":"https:\/\/api.w.org\/{rel}","templated":true}]}}