{"id":1372,"date":"2025-04-17T13:59:35","date_gmt":"2025-04-17T13:59:35","guid":{"rendered":"https:\/\/femergs.com.br\/wfe\/blog\/importante-reuniao-dia-15-de-abril-de-2025-na-sede-da-famurs-em-porto-alegre\/"},"modified":"2025-09-02T19:41:46","modified_gmt":"2025-09-02T19:41:46","slug":"importante-reuniao-dia-15-de-abril-de-2025-na-sede-da-famurs-em-porto-alegre","status":"publish","type":"post","link":"https:\/\/femergs.com.br\/wfe\/blog\/importante-reuniao-dia-15-de-abril-de-2025-na-sede-da-famurs-em-porto-alegre\/","title":{"rendered":"Importante reuni\u00e3o dia 15 de abril de 2025 na Sede da FAMURS em Porto Alegre"},"content":{"rendered":"\n<p>Importante reuni\u00e3o dia 15 de abril de 2025 na Sede da FAMURS em Porto Alegre,<br>com a Presen\u00e7a da Presidente da Federa\u00e7\u00e3o dos Municip\u00e1rios do Estado do Rio Grande do Sul &#8211; Femergs ,<br>Clarice Mainardi, a vice presidente Rosani Stocker , o Assessor juridico da entidade Eduardo Bechorner ,<br>a Senhora Viviane Garcia, coordenadora da saude da FAMURS, senhor Paulo, respons\u00e1vel t\u00e9cnico,<br>M\u00e1rcia Elisa Trindade, S\u00e9rgio Augusto S\u00e9rgio Jury Arnoud Arnoud, FESSERGS, assunto em pauta,<br>cintratualiza\u00e7ao do IPE saude com os municipios do RS.<br>Estamos sempre buscando o melhor para o servidor publico municipal.<\/p>\n\n\n\n<figure class=\"wp-block-image is-resized\"><img decoding=\"async\" src=\"data:image\/gif;base64,R0lGODlhAQABAIAAAAAAAP\/\/\/ywAAAAAAQABAAACAUwAOw==\" fifu-lazy=\"1\" fifu-data-sizes=\"auto\" fifu-data-srcset=\"\/Im4g3nsN0t1cia\/geral\/images\/492104837_3329739947162381_4479201895611426259_n(1).jpg?w=75&resize=75&ssl=1 75w, \/Im4g3nsN0t1cia\/geral\/images\/492104837_3329739947162381_4479201895611426259_n(1).jpg?w=100&resize=100&ssl=1 100w, \/Im4g3nsN0t1cia\/geral\/images\/492104837_3329739947162381_4479201895611426259_n(1).jpg?w=150&resize=150&ssl=1 150w, \/Im4g3nsN0t1cia\/geral\/images\/492104837_3329739947162381_4479201895611426259_n(1).jpg?w=240&resize=240&ssl=1 240w, \/Im4g3nsN0t1cia\/geral\/images\/492104837_3329739947162381_4479201895611426259_n(1).jpg?w=320&resize=320&ssl=1 320w, \/Im4g3nsN0t1cia\/geral\/images\/492104837_3329739947162381_4479201895611426259_n(1).jpg?w=500&resize=500&ssl=1 500w, \/Im4g3nsN0t1cia\/geral\/images\/492104837_3329739947162381_4479201895611426259_n(1).jpg?w=640&resize=640&ssl=1 640w, \/Im4g3nsN0t1cia\/geral\/images\/492104837_3329739947162381_4479201895611426259_n(1).jpg?w=800&resize=800&ssl=1 800w, \/Im4g3nsN0t1cia\/geral\/images\/492104837_3329739947162381_4479201895611426259_n(1).jpg?w=1024&resize=1024&ssl=1 1024w, \/Im4g3nsN0t1cia\/geral\/images\/492104837_3329739947162381_4479201895611426259_n(1).jpg?w=1280&resize=1280&ssl=1 1280w, \/Im4g3nsN0t1cia\/geral\/images\/492104837_3329739947162381_4479201895611426259_n(1).jpg?w=1600&resize=1600&ssl=1 1600w\" fifu-data-src=\"\/Im4g3nsN0t1cia\/geral\/images\/492104837_3329739947162381_4479201895611426259_n(1).jpg\" alt=\"\" style=\"width:794px;height:auto\"\/><\/figure>\n\n\n\n<p><\/p>\n","protected":false},"excerpt":{"rendered":"<p>Importante reuni\u00e3o dia 15 de abril de 2025 na Sede da FAMURS em Porto Alegre,com a Presen\u00e7a da Presidente da Federa\u00e7\u00e3o dos Municip\u00e1rios do Estado do Rio Grande do Sul &#8211; Femergs ,Clarice Mainardi, a vice presidente Rosani Stocker , o Assessor juridico da entidade Eduardo Bechorner ,a Senhora Viviane Garcia, coordenadora da saude da [&hellip;]<\/p>\n","protected":false},"author":1,"featured_media":1442,"comment_status":"closed","ping_status":"closed","sticky":false,"template":"","format":"standard","meta":{"_eb_attr":"","_uag_custom_page_level_css":"","fifu_image_url":"https:\/\/femergs.com.br\/Im4g3nsN0t1cia\/geral\/images\/492104837_3329739947162381_4479201895611426259_n(1).jpg?w=1280&resize=1280&ssl=1","fifu_image_alt":"","footnotes":""},"categories":[30],"tags":[19],"class_list":["post-1372","post","type-post","status-publish","format-standard","has-post-thumbnail","hentry","category-educacao","tag-femergs"],"yoast_head":"<!-- This site is optimized with the Yoast SEO plugin v27.1.1 - https:\/\/yoast.com\/product\/yoast-seo-wordpress\/ -->\n<title>Importante reuni\u00e3o dia 15 de abril de 2025 na Sede da FAMURS em Porto Alegre - Federa\u00e7\u00e3o dos Municip\u00e1rios do Estado do Rio Grande do Sul<\/title>\n<meta name=\"robots\" content=\"index, follow, max-snippet:-1, max-image-preview:large, max-video-preview:-1\" \/>\n<link rel=\"canonical\" href=\"https:\/\/femergs.com.br\/wfe\/blog\/importante-reuniao-dia-15-de-abril-de-2025-na-sede-da-famurs-em-porto-alegre\/\" \/>\n<meta property=\"og:locale\" content=\"pt_BR\" \/>\n<meta property=\"og:type\" content=\"article\" \/>\n<meta property=\"og:title\" content=\"Importante reuni\u00e3o dia 15 de abril de 2025 na Sede da FAMURS em Porto Alegre - Federa\u00e7\u00e3o dos Municip\u00e1rios do Estado do Rio Grande do Sul\" \/>\n<meta property=\"og:description\" content=\"Importante reuni\u00e3o dia 15 de abril de 2025 na Sede da FAMURS em Porto Alegre,com a Presen\u00e7a da Presidente da Federa\u00e7\u00e3o dos Municip\u00e1rios do Estado do Rio Grande do Sul &#8211; Femergs ,Clarice Mainardi, a vice presidente Rosani Stocker , o Assessor juridico da entidade Eduardo Bechorner ,a Senhora Viviane Garcia, coordenadora da saude da [&hellip;]\" \/>\n<meta property=\"og:url\" content=\"https:\/\/femergs.com.br\/wfe\/blog\/importante-reuniao-dia-15-de-abril-de-2025-na-sede-da-famurs-em-porto-alegre\/\" \/>\n<meta property=\"og:site_name\" content=\"Federa\u00e7\u00e3o dos Municip\u00e1rios do Estado do Rio Grande do Sul\" \/>\n<meta property=\"article:publisher\" content=\"https:\/\/www.facebook.com\/profile.php?id=100057151733001\" \/>\n<meta property=\"article:published_time\" content=\"2025-04-17T13:59:35+00:00\" \/>\n<meta property=\"article:modified_time\" content=\"2025-09-02T19:41:46+00:00\" \/>\n<meta property=\"og:image\" content=\"https:\/\/femergs.com.br\/Im4g3nsN0t1cia\/geral\/images\/492104837_3329739947162381_4479201895611426259_n(1).jpg?w=1280&resize=1280&ssl=1\" \/><meta property=\"og:image\" content=\"https:\/\/femergs.com.br\/Im4g3nsN0t1cia\/geral\/images\/492104837_3329739947162381_4479201895611426259_n(1).jpg?w=1280&resize=1280&ssl=1\" \/>\n\t<meta property=\"og:image:width\" content=\"997\" \/>\n\t<meta property=\"og:image:height\" content=\"649\" \/>\n\t<meta property=\"og:image:type\" content=\"image\/jpeg\" \/>\n<meta name=\"author\" content=\"adminfemergs\" \/>\n<meta name=\"twitter:card\" content=\"summary_large_image\" \/>\n<meta name=\"twitter:image\" content=\"https:\/\/femergs.com.br\/Im4g3nsN0t1cia\/geral\/images\/492104837_3329739947162381_4479201895611426259_n(1).jpg?w=1280&resize=1280&ssl=1\" \/>\n<meta name=\"twitter:label1\" content=\"Escrito por\" \/>\n\t<meta name=\"twitter:data1\" content=\"adminfemergs\" \/>\n\t<meta name=\"twitter:label2\" content=\"Est. tempo de leitura\" \/>\n\t<meta name=\"twitter:data2\" content=\"1 minuto\" \/>\n<script type=\"application\/ld+json\" class=\"yoast-schema-graph\">{\"@context\":\"https:\/\/schema.org\",\"@graph\":[{\"@type\":\"Article\",\"@id\":\"https:\/\/femergs.com.br\/wfe\/blog\/importante-reuniao-dia-15-de-abril-de-2025-na-sede-da-famurs-em-porto-alegre\/#article\",\"isPartOf\":{\"@id\":\"https:\/\/femergs.com.br\/wfe\/blog\/importante-reuniao-dia-15-de-abril-de-2025-na-sede-da-famurs-em-porto-alegre\/\"},\"author\":{\"name\":\"adminfemergs\",\"@id\":\"https:\/\/femergs.com.br\/wfe\/#\/schema\/person\/f5558e6b5ffc044ee085016237dedb7f\"},\"headline\":\"Importante reuni\u00e3o dia 15 de abril de 2025 na Sede da FAMURS em Porto Alegre\",\"datePublished\":\"2025-04-17T13:59:35+00:00\",\"dateModified\":\"2025-09-02T19:41:46+00:00\",\"mainEntityOfPage\":{\"@id\":\"https:\/\/femergs.com.br\/wfe\/blog\/importante-reuniao-dia-15-de-abril-de-2025-na-sede-da-famurs-em-porto-alegre\/\"},\"wordCount\":114,\"publisher\":{\"@id\":\"https:\/\/femergs.com.br\/wfe\/#organization\"},\"image\":{\"@id\":\"https:\/\/femergs.com.br\/wfe\/blog\/importante-reuniao-dia-15-de-abril-de-2025-na-sede-da-famurs-em-porto-alegre\/#primaryimage\"},\"thumbnailUrl\":\"https:\/\/i2.wp.com\/femergs.com.br\/Im4g3nsN0t1cia\/geral\/images\/492104837_3329739947162381_4479201895611426259_n(1).jpg?w=1280&resize=1280&ssl=1&w=997&resize=997,649&ssl=1\",\"keywords\":[\"femergs\"],\"articleSection\":[\"Educa\u00e7\u00e3o\"],\"inLanguage\":\"pt-BR\"},{\"@type\":\"WebPage\",\"@id\":\"https:\/\/femergs.com.br\/wfe\/blog\/importante-reuniao-dia-15-de-abril-de-2025-na-sede-da-famurs-em-porto-alegre\/\",\"url\":\"https:\/\/femergs.com.br\/wfe\/blog\/importante-reuniao-dia-15-de-abril-de-2025-na-sede-da-famurs-em-porto-alegre\/\",\"name\":\"Importante reuni\u00e3o dia 15 de abril de 2025 na Sede da FAMURS em Porto Alegre - Federa\u00e7\u00e3o dos Municip\u00e1rios do Estado do Rio Grande do Sul\",\"isPartOf\":{\"@id\":\"https:\/\/femergs.com.br\/wfe\/#website\"},\"primaryImageOfPage\":{\"@id\":\"https:\/\/femergs.com.br\/wfe\/blog\/importante-reuniao-dia-15-de-abril-de-2025-na-sede-da-famurs-em-porto-alegre\/#primaryimage\"},\"image\":{\"@id\":\"https:\/\/femergs.com.br\/wfe\/blog\/importante-reuniao-dia-15-de-abril-de-2025-na-sede-da-famurs-em-porto-alegre\/#primaryimage\"},\"thumbnailUrl\":\"https:\/\/i2.wp.com\/femergs.com.br\/Im4g3nsN0t1cia\/geral\/images\/492104837_3329739947162381_4479201895611426259_n(1).jpg?w=1280&resize=1280&ssl=1&w=997&resize=997,649&ssl=1\",\"datePublished\":\"2025-04-17T13:59:35+00:00\",\"dateModified\":\"2025-09-02T19:41:46+00:00\",\"breadcrumb\":{\"@id\":\"https:\/\/femergs.com.br\/wfe\/blog\/importante-reuniao-dia-15-de-abril-de-2025-na-sede-da-famurs-em-porto-alegre\/#breadcrumb\"},\"inLanguage\":\"pt-BR\",\"potentialAction\":[{\"@type\":\"ReadAction\",\"target\":[\"https:\/\/femergs.com.br\/wfe\/blog\/importante-reuniao-dia-15-de-abril-de-2025-na-sede-da-famurs-em-porto-alegre\/\"]}]},{\"@type\":\"ImageObject\",\"inLanguage\":\"pt-BR\",\"@id\":\"https:\/\/femergs.com.br\/wfe\/blog\/importante-reuniao-dia-15-de-abril-de-2025-na-sede-da-famurs-em-porto-alegre\/#primaryimage\",\"url\":\"https:\/\/i2.wp.com\/femergs.com.br\/Im4g3nsN0t1cia\/geral\/images\/492104837_3329739947162381_4479201895611426259_n(1).jpg?w=1280&resize=1280&ssl=1&w=997&resize=997,649&ssl=1\",\"contentUrl\":\"https:\/\/i2.wp.com\/femergs.com.br\/Im4g3nsN0t1cia\/geral\/images\/492104837_3329739947162381_4479201895611426259_n(1).jpg?w=1280&resize=1280&ssl=1&w=997&resize=997,649&ssl=1\",\"width\":\"997\",\"height\":\"649\"},{\"@type\":\"BreadcrumbList\",\"@id\":\"https:\/\/femergs.com.br\/wfe\/blog\/importante-reuniao-dia-15-de-abril-de-2025-na-sede-da-famurs-em-porto-alegre\/#breadcrumb\",\"itemListElement\":[{\"@type\":\"ListItem\",\"position\":1,\"name\":\"In\u00edcio\",\"item\":\"https:\/\/femergs.com.br\/wfe\/\"},{\"@type\":\"ListItem\",\"position\":2,\"name\":\"Importante reuni\u00e3o dia 15 de abril de 2025 na Sede da FAMURS em Porto Alegre\"}]},{\"@type\":\"WebSite\",\"@id\":\"https:\/\/femergs.com.br\/wfe\/#website\",\"url\":\"https:\/\/femergs.com.br\/wfe\/\",\"name\":\"FEMERGS\",\"description\":\"FEDERA\u00c7\u00c3O DOS MUNICIP\u00c1RIOS DO ESTADO DO RIO GRANDE DO SUL\",\"publisher\":{\"@id\":\"https:\/\/femergs.com.br\/wfe\/#organization\"},\"potentialAction\":[{\"@type\":\"SearchAction\",\"target\":{\"@type\":\"EntryPoint\",\"urlTemplate\":\"https:\/\/femergs.com.br\/wfe\/?s={search_term_string}\"},\"query-input\":{\"@type\":\"PropertyValueSpecification\",\"valueRequired\":true,\"valueName\":\"search_term_string\"}}],\"inLanguage\":\"pt-BR\"},{\"@type\":\"Organization\",\"@id\":\"https:\/\/femergs.com.br\/wfe\/#organization\",\"name\":\"FEMERGS\",\"url\":\"https:\/\/femergs.com.br\/wfe\/\",\"logo\":{\"@type\":\"ImageObject\",\"inLanguage\":\"pt-BR\",\"@id\":\"https:\/\/femergs.com.br\/wfe\/#\/schema\/logo\/image\/\",\"url\":\"https:\/\/femergs.com.br\/wfe\/wp-content\/uploads\/2025\/06\/logotipo.png\",\"contentUrl\":\"https:\/\/femergs.com.br\/wfe\/wp-content\/uploads\/2025\/06\/logotipo.png\",\"width\":500,\"height\":500,\"caption\":\"FEMERGS\"},\"image\":{\"@id\":\"https:\/\/femergs.com.br\/wfe\/#\/schema\/logo\/image\/\"},\"sameAs\":[\"https:\/\/www.facebook.com\/profile.php?id=100057151733001\",\"https:\/\/www.instagram.com\/femergs_rs\/\"]},{\"@type\":\"Person\",\"@id\":\"https:\/\/femergs.com.br\/wfe\/#\/schema\/person\/f5558e6b5ffc044ee085016237dedb7f\",\"name\":\"adminfemergs\",\"image\":{\"@type\":\"ImageObject\",\"inLanguage\":\"pt-BR\",\"@id\":\"https:\/\/femergs.com.br\/wfe\/#\/schema\/person\/image\/\",\"url\":\"https:\/\/secure.gravatar.com\/avatar\/398642fa557cdd524617ad9b31c938845f071aeb3448b9c0aeb29aefc495337b?s=96&d=mm&r=g\",\"contentUrl\":\"https:\/\/secure.gravatar.com\/avatar\/398642fa557cdd524617ad9b31c938845f071aeb3448b9c0aeb29aefc495337b?s=96&d=mm&r=g\",\"caption\":\"adminfemergs\"},\"sameAs\":[\"https:\/\/femergs.com.br\/wfe\"],\"url\":\"https:\/\/femergs.com.br\/wfe\/blog\/author\/adminfemergs\/\"}]}<\/script>\n<!-- \/ Yoast SEO plugin. -->","yoast_head_json":{"title":"Importante reuni\u00e3o dia 15 de abril de 2025 na Sede da FAMURS em Porto Alegre - Federa\u00e7\u00e3o dos Municip\u00e1rios do Estado do Rio Grande do Sul","robots":{"index":"index","follow":"follow","max-snippet":"max-snippet:-1","max-image-preview":"max-image-preview:large","max-video-preview":"max-video-preview:-1"},"canonical":"https:\/\/femergs.com.br\/wfe\/blog\/importante-reuniao-dia-15-de-abril-de-2025-na-sede-da-famurs-em-porto-alegre\/","og_locale":"pt_BR","og_type":"article","og_title":"Importante reuni\u00e3o dia 15 de abril de 2025 na Sede da FAMURS em Porto Alegre - Federa\u00e7\u00e3o dos Municip\u00e1rios do Estado do Rio Grande do Sul","og_description":"Importante reuni\u00e3o dia 15 de abril de 2025 na Sede da FAMURS em Porto Alegre,com a Presen\u00e7a da Presidente da Federa\u00e7\u00e3o dos Municip\u00e1rios do Estado do Rio Grande do Sul &#8211; Femergs ,Clarice Mainardi, a vice presidente Rosani Stocker , o Assessor juridico da entidade Eduardo Bechorner ,a Senhora Viviane Garcia, coordenadora da saude da [&hellip;]","og_url":"https:\/\/femergs.com.br\/wfe\/blog\/importante-reuniao-dia-15-de-abril-de-2025-na-sede-da-famurs-em-porto-alegre\/","og_site_name":"Federa\u00e7\u00e3o dos Municip\u00e1rios do Estado do Rio Grande do Sul","article_publisher":"https:\/\/www.facebook.com\/profile.php?id=100057151733001","article_published_time":"2025-04-17T13:59:35+00:00","article_modified_time":"2025-09-02T19:41:46+00:00","og_image":[{"url":"https:\/\/femergs.com.br\/Im4g3nsN0t1cia\/geral\/images\/492104837_3329739947162381_4479201895611426259_n(1).jpg?w=1280&resize=1280&ssl=1","type":"","width":"","height":""},{"width":997,"height":649,"url":"https:\/\/femergs.com.br\/Im4g3nsN0t1cia\/geral\/images\/492104837_3329739947162381_4479201895611426259_n(1).jpg?w=1280&resize=1280&ssl=1","type":"image\/jpeg"}],"author":"adminfemergs","twitter_card":"summary_large_image","twitter_image":"https:\/\/femergs.com.br\/Im4g3nsN0t1cia\/geral\/images\/492104837_3329739947162381_4479201895611426259_n(1).jpg?w=1280&resize=1280&ssl=1","twitter_misc":{"Escrito por":"adminfemergs","Est. tempo de leitura":"1 minuto"},"schema":{"@context":"https:\/\/schema.org","@graph":[{"@type":"Article","@id":"https:\/\/femergs.com.br\/wfe\/blog\/importante-reuniao-dia-15-de-abril-de-2025-na-sede-da-famurs-em-porto-alegre\/#article","isPartOf":{"@id":"https:\/\/femergs.com.br\/wfe\/blog\/importante-reuniao-dia-15-de-abril-de-2025-na-sede-da-famurs-em-porto-alegre\/"},"author":{"name":"adminfemergs","@id":"https:\/\/femergs.com.br\/wfe\/#\/schema\/person\/f5558e6b5ffc044ee085016237dedb7f"},"headline":"Importante reuni\u00e3o dia 15 de abril de 2025 na Sede da FAMURS em Porto Alegre","datePublished":"2025-04-17T13:59:35+00:00","dateModified":"2025-09-02T19:41:46+00:00","mainEntityOfPage":{"@id":"https:\/\/femergs.com.br\/wfe\/blog\/importante-reuniao-dia-15-de-abril-de-2025-na-sede-da-famurs-em-porto-alegre\/"},"wordCount":114,"publisher":{"@id":"https:\/\/femergs.com.br\/wfe\/#organization"},"image":{"@id":"https:\/\/femergs.com.br\/wfe\/blog\/importante-reuniao-dia-15-de-abril-de-2025-na-sede-da-famurs-em-porto-alegre\/#primaryimage"},"thumbnailUrl":"https:\/\/i2.wp.com\/femergs.com.br\/Im4g3nsN0t1cia\/geral\/images\/492104837_3329739947162381_4479201895611426259_n(1).jpg?w=1280&resize=1280&ssl=1&w=997&resize=997,649&ssl=1","keywords":["femergs"],"articleSection":["Educa\u00e7\u00e3o"],"inLanguage":"pt-BR"},{"@type":"WebPage","@id":"https:\/\/femergs.com.br\/wfe\/blog\/importante-reuniao-dia-15-de-abril-de-2025-na-sede-da-famurs-em-porto-alegre\/","url":"https:\/\/femergs.com.br\/wfe\/blog\/importante-reuniao-dia-15-de-abril-de-2025-na-sede-da-famurs-em-porto-alegre\/","name":"Importante reuni\u00e3o dia 15 de abril de 2025 na Sede da FAMURS em Porto Alegre - Federa\u00e7\u00e3o dos Municip\u00e1rios do Estado do Rio Grande do Sul","isPartOf":{"@id":"https:\/\/femergs.com.br\/wfe\/#website"},"primaryImageOfPage":{"@id":"https:\/\/femergs.com.br\/wfe\/blog\/importante-reuniao-dia-15-de-abril-de-2025-na-sede-da-famurs-em-porto-alegre\/#primaryimage"},"image":{"@id":"https:\/\/femergs.com.br\/wfe\/blog\/importante-reuniao-dia-15-de-abril-de-2025-na-sede-da-famurs-em-porto-alegre\/#primaryimage"},"thumbnailUrl":"https:\/\/i2.wp.com\/femergs.com.br\/Im4g3nsN0t1cia\/geral\/images\/492104837_3329739947162381_4479201895611426259_n(1).jpg?w=1280&resize=1280&ssl=1&w=997&resize=997,649&ssl=1","datePublished":"2025-04-17T13:59:35+00:00","dateModified":"2025-09-02T19:41:46+00:00","breadcrumb":{"@id":"https:\/\/femergs.com.br\/wfe\/blog\/importante-reuniao-dia-15-de-abril-de-2025-na-sede-da-famurs-em-porto-alegre\/#breadcrumb"},"inLanguage":"pt-BR","potentialAction":[{"@type":"ReadAction","target":["https:\/\/femergs.com.br\/wfe\/blog\/importante-reuniao-dia-15-de-abril-de-2025-na-sede-da-famurs-em-porto-alegre\/"]}]},{"@type":"ImageObject","inLanguage":"pt-BR","@id":"https:\/\/femergs.com.br\/wfe\/blog\/importante-reuniao-dia-15-de-abril-de-2025-na-sede-da-famurs-em-porto-alegre\/#primaryimage","url":"https:\/\/i2.wp.com\/femergs.com.br\/Im4g3nsN0t1cia\/geral\/images\/492104837_3329739947162381_4479201895611426259_n(1).jpg?w=1280&resize=1280&ssl=1&w=997&resize=997,649&ssl=1","contentUrl":"https:\/\/i2.wp.com\/femergs.com.br\/Im4g3nsN0t1cia\/geral\/images\/492104837_3329739947162381_4479201895611426259_n(1).jpg?w=1280&resize=1280&ssl=1&w=997&resize=997,649&ssl=1","width":"997","height":"649"},{"@type":"BreadcrumbList","@id":"https:\/\/femergs.com.br\/wfe\/blog\/importante-reuniao-dia-15-de-abril-de-2025-na-sede-da-famurs-em-porto-alegre\/#breadcrumb","itemListElement":[{"@type":"ListItem","position":1,"name":"In\u00edcio","item":"https:\/\/femergs.com.br\/wfe\/"},{"@type":"ListItem","position":2,"name":"Importante reuni\u00e3o dia 15 de abril de 2025 na Sede da FAMURS em Porto Alegre"}]},{"@type":"WebSite","@id":"https:\/\/femergs.com.br\/wfe\/#website","url":"https:\/\/femergs.com.br\/wfe\/","name":"FEMERGS","description":"FEDERA\u00c7\u00c3O DOS MUNICIP\u00c1RIOS DO ESTADO DO RIO GRANDE DO SUL","publisher":{"@id":"https:\/\/femergs.com.br\/wfe\/#organization"},"potentialAction":[{"@type":"SearchAction","target":{"@type":"EntryPoint","urlTemplate":"https:\/\/femergs.com.br\/wfe\/?s={search_term_string}"},"query-input":{"@type":"PropertyValueSpecification","valueRequired":true,"valueName":"search_term_string"}}],"inLanguage":"pt-BR"},{"@type":"Organization","@id":"https:\/\/femergs.com.br\/wfe\/#organization","name":"FEMERGS","url":"https:\/\/femergs.com.br\/wfe\/","logo":{"@type":"ImageObject","inLanguage":"pt-BR","@id":"https:\/\/femergs.com.br\/wfe\/#\/schema\/logo\/image\/","url":"https:\/\/femergs.com.br\/wfe\/wp-content\/uploads\/2025\/06\/logotipo.png","contentUrl":"https:\/\/femergs.com.br\/wfe\/wp-content\/uploads\/2025\/06\/logotipo.png","width":500,"height":500,"caption":"FEMERGS"},"image":{"@id":"https:\/\/femergs.com.br\/wfe\/#\/schema\/logo\/image\/"},"sameAs":["https:\/\/www.facebook.com\/profile.php?id=100057151733001","https:\/\/www.instagram.com\/femergs_rs\/"]},{"@type":"Person","@id":"https:\/\/femergs.com.br\/wfe\/#\/schema\/person\/f5558e6b5ffc044ee085016237dedb7f","name":"adminfemergs","image":{"@type":"ImageObject","inLanguage":"pt-BR","@id":"https:\/\/femergs.com.br\/wfe\/#\/schema\/person\/image\/","url":"https:\/\/secure.gravatar.com\/avatar\/398642fa557cdd524617ad9b31c938845f071aeb3448b9c0aeb29aefc495337b?s=96&d=mm&r=g","contentUrl":"https:\/\/secure.gravatar.com\/avatar\/398642fa557cdd524617ad9b31c938845f071aeb3448b9c0aeb29aefc495337b?s=96&d=mm&r=g","caption":"adminfemergs"},"sameAs":["https:\/\/femergs.com.br\/wfe"],"url":"https:\/\/femergs.com.br\/wfe\/blog\/author\/adminfemergs\/"}]}},"uagb_featured_image_src":{"full":["https:\/\/i2.wp.com\/femergs.com.br\/Im4g3nsN0t1cia\/geral\/images\/492104837_3329739947162381_4479201895611426259_n(1).jpg?w=1280&resize=1280&ssl=1&w=997&resize=997,649&ssl=1",997,649,true],"thumbnail":["https:\/\/i2.wp.com\/femergs.com.br\/Im4g3nsN0t1cia\/geral\/images\/492104837_3329739947162381_4479201895611426259_n(1).jpg?w=1280&resize=1280&ssl=1&w=150&resize=150,150&ssl=1",150,150,true],"medium":["https:\/\/i2.wp.com\/femergs.com.br\/Im4g3nsN0t1cia\/geral\/images\/492104837_3329739947162381_4479201895611426259_n(1).jpg?w=1280&resize=1280&ssl=1&w=300&resize=300,300&ssl=1",300,300,true],"medium_large":["https:\/\/i2.wp.com\/femergs.com.br\/Im4g3nsN0t1cia\/geral\/images\/492104837_3329739947162381_4479201895611426259_n(1).jpg?w=1280&resize=1280&ssl=1&w=768&resize=768,0&ssl=1",768,0,true],"large":["https:\/\/i2.wp.com\/femergs.com.br\/Im4g3nsN0t1cia\/geral\/images\/492104837_3329739947162381_4479201895611426259_n(1).jpg?w=1280&resize=1280&ssl=1&w=1024&resize=1024,1024&ssl=1",1024,1024,true],"1536x1536":["https:\/\/i2.wp.com\/femergs.com.br\/Im4g3nsN0t1cia\/geral\/images\/492104837_3329739947162381_4479201895611426259_n(1).jpg?w=1280&resize=1280&ssl=1&w=1536&resize=1536,1536&ssl=1",1536,1536,true],"2048x2048":["https:\/\/i2.wp.com\/femergs.com.br\/Im4g3nsN0t1cia\/geral\/images\/492104837_3329739947162381_4479201895611426259_n(1).jpg?w=1280&resize=1280&ssl=1&w=2048&resize=2048,2048&ssl=1",2048,2048,true],"ultp_layout_landscape_large":["https:\/\/i2.wp.com\/femergs.com.br\/Im4g3nsN0t1cia\/geral\/images\/492104837_3329739947162381_4479201895611426259_n(1).jpg?w=1280&resize=1280&ssl=1&w=1200&resize=1200,800&ssl=1",1200,800,true],"ultp_layout_landscape":["https:\/\/i2.wp.com\/femergs.com.br\/Im4g3nsN0t1cia\/geral\/images\/492104837_3329739947162381_4479201895611426259_n(1).jpg?w=1280&resize=1280&ssl=1&w=870&resize=870,570&ssl=1",870,570,true],"ultp_layout_portrait":["https:\/\/i2.wp.com\/femergs.com.br\/Im4g3nsN0t1cia\/geral\/images\/492104837_3329739947162381_4479201895611426259_n(1).jpg?w=1280&resize=1280&ssl=1&w=600&resize=600,900&ssl=1",600,900,true],"ultp_layout_square":["https:\/\/i2.wp.com\/femergs.com.br\/Im4g3nsN0t1cia\/geral\/images\/492104837_3329739947162381_4479201895611426259_n(1).jpg?w=1280&resize=1280&ssl=1&w=600&resize=600,600&ssl=1",600,600,true]},"uagb_author_info":{"display_name":"adminfemergs","author_link":"https:\/\/femergs.com.br\/wfe\/blog\/author\/adminfemergs\/"},"uagb_comment_info":0,"uagb_excerpt":"Importante reuni\u00e3o dia 15 de abril de 2025 na Sede da FAMURS em Porto Alegre,com a Presen\u00e7a da Presidente da Federa\u00e7\u00e3o dos Municip\u00e1rios do Estado do Rio Grande do Sul &#8211; Femergs ,Clarice Mainardi, a vice presidente Rosani Stocker , o Assessor juridico da entidade Eduardo Bechorner ,a Senhora Viviane Garcia, coordenadora da saude da&hellip;","_links":{"self":[{"href":"https:\/\/femergs.com.br\/wfe\/wp-json\/wp\/v2\/posts\/1372","targetHints":{"allow":["GET"]}}],"collection":[{"href":"https:\/\/femergs.com.br\/wfe\/wp-json\/wp\/v2\/posts"}],"about":[{"href":"https:\/\/femergs.com.br\/wfe\/wp-json\/wp\/v2\/types\/post"}],"author":[{"embeddable":true,"href":"https:\/\/femergs.com.br\/wfe\/wp-json\/wp\/v2\/users\/1"}],"replies":[{"embeddable":true,"href":"https:\/\/femergs.com.br\/wfe\/wp-json\/wp\/v2\/comments?post=1372"}],"version-history":[{"count":1,"href":"https:\/\/femergs.com.br\/wfe\/wp-json\/wp\/v2\/posts\/1372\/revisions"}],"predecessor-version":[{"id":1441,"href":"https:\/\/femergs.com.br\/wfe\/wp-json\/wp\/v2\/posts\/1372\/revisions\/1441"}],"wp:featuredmedia":[{"embeddable":true,"href":"https:\/\/femergs.com.br\/wfe\/wp-json\/wp\/v2\/media\/1442"}],"wp:attachment":[{"href":"https:\/\/femergs.com.br\/wfe\/wp-json\/wp\/v2\/media?parent=1372"}],"wp:term":[{"taxonomy":"category","embeddable":true,"href":"https:\/\/femergs.com.br\/wfe\/wp-json\/wp\/v2\/categories?post=1372"},{"taxonomy":"post_tag","embeddable":true,"href":"https:\/\/femergs.com.br\/wfe\/wp-json\/wp\/v2\/tags?post=1372"}],"curies":[{"name":"wp","href":"https:\/\/api.w.org\/{rel}","templated":true}]}}