{"id":1374,"date":"2025-05-08T09:29:51","date_gmt":"2025-05-08T09:29:51","guid":{"rendered":"https:\/\/femergs.com.br\/wfe\/blog\/xxiii-seminario-sul-brasileiro-de-previdenvcia-publica\/"},"modified":"2025-09-02T19:40:22","modified_gmt":"2025-09-02T19:40:22","slug":"xxiii-seminario-sul-brasileiro-de-previdencia-publica","status":"publish","type":"post","link":"https:\/\/femergs.com.br\/wfe\/blog\/xxiii-seminario-sul-brasileiro-de-previdencia-publica\/","title":{"rendered":"XXIII SEMIN\u00c1RIO SUL -BRASILEIRO DE PREVID\u00caNCIA P\u00daBLICA"},"content":{"rendered":"\n<p><a href=\"http:\/\/&lt;iframe src=&quot;https:\/\/www.facebook.com\/plugins\/post.php?href=https%3A%2F%2Fwww.facebook.com%2Fpermalink.php%3Fstory_fbid%3D1220928459822200%26id%3D100057151733001&amp;show_text=true&amp;width=500&quot; width=&quot;500&quot; height=&quot;1036&quot; style=&quot;border:none;overflow:hidden&quot; scrolling=&quot;no&quot; frameborder=&quot;0&quot; allowfullscreen=&quot;true&quot; allow=&quot;autoplay; clipboard-write; encrypted-media; picture-in-picture; web-share&quot;&gt;&lt;\/iframe&gt;\">http:\/\/<iframe loading=\"lazy\" style=\"border: none; overflow: hidden;\" src=\"https:\/\/www.facebook.com\/plugins\/post.php?href=https%3A%2F%2Fwww.facebook.com%2Fpermalink.php%3Fstory_fbid%3D1220928459822200%26id%3D100057151733001&amp;show_text=true&amp;width=500\" width=\"500\" height=\"1036\" frameborder=\"0\" scrolling=\"no\" allowfullscreen=\"allowfullscreen\"><\/iframe><\/a><\/p>\n","protected":false},"excerpt":{"rendered":"<p>Fala da Presidente Clarice Mainardi na abertura do XXIII SEMIN\u00c1RIO SUL -BRASILEIRO DE PREVID\u00caNVCIA P\u00daBLICA<\/p>\n","protected":false},"author":1,"featured_media":0,"comment_status":"closed","ping_status":"closed","sticky":false,"template":"","format":"standard","meta":{"_eb_attr":"","_uag_custom_page_level_css":"","fifu_image_url":"","fifu_image_alt":"","footnotes":""},"categories":[31],"tags":[32],"class_list":["post-1374","post","type-post","status-publish","format-standard","hentry","category-previdencia","tag-null"],"yoast_head":"<!-- This site is optimized with the Yoast SEO plugin v27.1.1 - https:\/\/yoast.com\/product\/yoast-seo-wordpress\/ -->\n<title>XXIII SEMIN\u00c1RIO SUL -BRASILEIRO DE PREVID\u00caNCIA P\u00daBLICA - Federa\u00e7\u00e3o dos Municip\u00e1rios do Estado do Rio Grande do Sul<\/title>\n<meta name=\"robots\" content=\"index, follow, max-snippet:-1, max-image-preview:large, max-video-preview:-1\" \/>\n<link rel=\"canonical\" href=\"https:\/\/femergs.com.br\/wfe\/blog\/xxiii-seminario-sul-brasileiro-de-previdencia-publica\/\" \/>\n<meta property=\"og:locale\" content=\"pt_BR\" \/>\n<meta property=\"og:type\" content=\"article\" \/>\n<meta property=\"og:title\" content=\"XXIII SEMIN\u00c1RIO SUL -BRASILEIRO DE PREVID\u00caNCIA P\u00daBLICA - Federa\u00e7\u00e3o dos Municip\u00e1rios do Estado do Rio Grande do Sul\" \/>\n<meta property=\"og:description\" content=\"Fala da Presidente Clarice Mainardi na abertura do XXIII SEMIN\u00c1RIO SUL -BRASILEIRO DE PREVID\u00caNVCIA P\u00daBLICA\" \/>\n<meta property=\"og:url\" content=\"https:\/\/femergs.com.br\/wfe\/blog\/xxiii-seminario-sul-brasileiro-de-previdencia-publica\/\" \/>\n<meta property=\"og:site_name\" content=\"Federa\u00e7\u00e3o dos Municip\u00e1rios do Estado do Rio Grande do Sul\" \/>\n<meta property=\"article:publisher\" content=\"https:\/\/www.facebook.com\/profile.php?id=100057151733001\" \/>\n<meta property=\"article:published_time\" content=\"2025-05-08T09:29:51+00:00\" \/>\n<meta property=\"article:modified_time\" content=\"2025-09-02T19:40:22+00:00\" \/>\n<meta name=\"author\" content=\"adminfemergs\" \/>\n<meta name=\"twitter:card\" content=\"summary_large_image\" \/>\n<meta name=\"twitter:label1\" content=\"Escrito por\" \/>\n\t<meta name=\"twitter:data1\" content=\"adminfemergs\" \/>\n\t<meta name=\"twitter:label2\" content=\"Est. tempo de leitura\" \/>\n\t<meta name=\"twitter:data2\" content=\"1 minuto\" \/>\n<script type=\"application\/ld+json\" class=\"yoast-schema-graph\">{\"@context\":\"https:\/\/schema.org\",\"@graph\":[{\"@type\":\"Article\",\"@id\":\"https:\/\/femergs.com.br\/wfe\/blog\/xxiii-seminario-sul-brasileiro-de-previdencia-publica\/#article\",\"isPartOf\":{\"@id\":\"https:\/\/femergs.com.br\/wfe\/blog\/xxiii-seminario-sul-brasileiro-de-previdencia-publica\/\"},\"author\":{\"name\":\"adminfemergs\",\"@id\":\"https:\/\/femergs.com.br\/wfe\/#\/schema\/person\/f5558e6b5ffc044ee085016237dedb7f\"},\"headline\":\"XXIII SEMIN\u00c1RIO SUL -BRASILEIRO DE PREVID\u00caNCIA P\u00daBLICA\",\"datePublished\":\"2025-05-08T09:29:51+00:00\",\"dateModified\":\"2025-09-02T19:40:22+00:00\",\"mainEntityOfPage\":{\"@id\":\"https:\/\/femergs.com.br\/wfe\/blog\/xxiii-seminario-sul-brasileiro-de-previdencia-publica\/\"},\"wordCount\":11,\"publisher\":{\"@id\":\"https:\/\/femergs.com.br\/wfe\/#organization\"},\"keywords\":[\"NULL\"],\"articleSection\":[\"Previd\u00eancia\"],\"inLanguage\":\"pt-BR\"},{\"@type\":\"WebPage\",\"@id\":\"https:\/\/femergs.com.br\/wfe\/blog\/xxiii-seminario-sul-brasileiro-de-previdencia-publica\/\",\"url\":\"https:\/\/femergs.com.br\/wfe\/blog\/xxiii-seminario-sul-brasileiro-de-previdencia-publica\/\",\"name\":\"XXIII SEMIN\u00c1RIO SUL -BRASILEIRO DE PREVID\u00caNCIA P\u00daBLICA - Federa\u00e7\u00e3o dos Municip\u00e1rios do Estado do Rio Grande do Sul\",\"isPartOf\":{\"@id\":\"https:\/\/femergs.com.br\/wfe\/#website\"},\"datePublished\":\"2025-05-08T09:29:51+00:00\",\"dateModified\":\"2025-09-02T19:40:22+00:00\",\"breadcrumb\":{\"@id\":\"https:\/\/femergs.com.br\/wfe\/blog\/xxiii-seminario-sul-brasileiro-de-previdencia-publica\/#breadcrumb\"},\"inLanguage\":\"pt-BR\",\"potentialAction\":[{\"@type\":\"ReadAction\",\"target\":[\"https:\/\/femergs.com.br\/wfe\/blog\/xxiii-seminario-sul-brasileiro-de-previdencia-publica\/\"]}]},{\"@type\":\"BreadcrumbList\",\"@id\":\"https:\/\/femergs.com.br\/wfe\/blog\/xxiii-seminario-sul-brasileiro-de-previdencia-publica\/#breadcrumb\",\"itemListElement\":[{\"@type\":\"ListItem\",\"position\":1,\"name\":\"In\u00edcio\",\"item\":\"https:\/\/femergs.com.br\/wfe\/\"},{\"@type\":\"ListItem\",\"position\":2,\"name\":\"XXIII SEMIN\u00c1RIO SUL -BRASILEIRO DE PREVID\u00caNCIA P\u00daBLICA\"}]},{\"@type\":\"WebSite\",\"@id\":\"https:\/\/femergs.com.br\/wfe\/#website\",\"url\":\"https:\/\/femergs.com.br\/wfe\/\",\"name\":\"FEMERGS\",\"description\":\"FEDERA\u00c7\u00c3O DOS MUNICIP\u00c1RIOS DO ESTADO DO RIO GRANDE DO SUL\",\"publisher\":{\"@id\":\"https:\/\/femergs.com.br\/wfe\/#organization\"},\"potentialAction\":[{\"@type\":\"SearchAction\",\"target\":{\"@type\":\"EntryPoint\",\"urlTemplate\":\"https:\/\/femergs.com.br\/wfe\/?s={search_term_string}\"},\"query-input\":{\"@type\":\"PropertyValueSpecification\",\"valueRequired\":true,\"valueName\":\"search_term_string\"}}],\"inLanguage\":\"pt-BR\"},{\"@type\":\"Organization\",\"@id\":\"https:\/\/femergs.com.br\/wfe\/#organization\",\"name\":\"FEMERGS\",\"url\":\"https:\/\/femergs.com.br\/wfe\/\",\"logo\":{\"@type\":\"ImageObject\",\"inLanguage\":\"pt-BR\",\"@id\":\"https:\/\/femergs.com.br\/wfe\/#\/schema\/logo\/image\/\",\"url\":\"https:\/\/femergs.com.br\/wfe\/wp-content\/uploads\/2025\/06\/logotipo.png\",\"contentUrl\":\"https:\/\/femergs.com.br\/wfe\/wp-content\/uploads\/2025\/06\/logotipo.png\",\"width\":500,\"height\":500,\"caption\":\"FEMERGS\"},\"image\":{\"@id\":\"https:\/\/femergs.com.br\/wfe\/#\/schema\/logo\/image\/\"},\"sameAs\":[\"https:\/\/www.facebook.com\/profile.php?id=100057151733001\",\"https:\/\/www.instagram.com\/femergs_rs\/\"]},{\"@type\":\"Person\",\"@id\":\"https:\/\/femergs.com.br\/wfe\/#\/schema\/person\/f5558e6b5ffc044ee085016237dedb7f\",\"name\":\"adminfemergs\",\"image\":{\"@type\":\"ImageObject\",\"inLanguage\":\"pt-BR\",\"@id\":\"https:\/\/femergs.com.br\/wfe\/#\/schema\/person\/image\/\",\"url\":\"https:\/\/secure.gravatar.com\/avatar\/398642fa557cdd524617ad9b31c938845f071aeb3448b9c0aeb29aefc495337b?s=96&d=mm&r=g\",\"contentUrl\":\"https:\/\/secure.gravatar.com\/avatar\/398642fa557cdd524617ad9b31c938845f071aeb3448b9c0aeb29aefc495337b?s=96&d=mm&r=g\",\"caption\":\"adminfemergs\"},\"sameAs\":[\"https:\/\/femergs.com.br\/wfe\"],\"url\":\"https:\/\/femergs.com.br\/wfe\/blog\/author\/adminfemergs\/\"}]}<\/script>\n<!-- \/ Yoast SEO plugin. -->","yoast_head_json":{"title":"XXIII SEMIN\u00c1RIO SUL -BRASILEIRO DE PREVID\u00caNCIA P\u00daBLICA - Federa\u00e7\u00e3o dos Municip\u00e1rios do Estado do Rio Grande do Sul","robots":{"index":"index","follow":"follow","max-snippet":"max-snippet:-1","max-image-preview":"max-image-preview:large","max-video-preview":"max-video-preview:-1"},"canonical":"https:\/\/femergs.com.br\/wfe\/blog\/xxiii-seminario-sul-brasileiro-de-previdencia-publica\/","og_locale":"pt_BR","og_type":"article","og_title":"XXIII SEMIN\u00c1RIO SUL -BRASILEIRO DE PREVID\u00caNCIA P\u00daBLICA - Federa\u00e7\u00e3o dos Municip\u00e1rios do Estado do Rio Grande do Sul","og_description":"Fala da Presidente Clarice Mainardi na abertura do XXIII SEMIN\u00c1RIO SUL -BRASILEIRO DE PREVID\u00caNVCIA P\u00daBLICA","og_url":"https:\/\/femergs.com.br\/wfe\/blog\/xxiii-seminario-sul-brasileiro-de-previdencia-publica\/","og_site_name":"Federa\u00e7\u00e3o dos Municip\u00e1rios do Estado do Rio Grande do Sul","article_publisher":"https:\/\/www.facebook.com\/profile.php?id=100057151733001","article_published_time":"2025-05-08T09:29:51+00:00","article_modified_time":"2025-09-02T19:40:22+00:00","author":"adminfemergs","twitter_card":"summary_large_image","twitter_misc":{"Escrito por":"adminfemergs","Est. tempo de leitura":"1 minuto"},"schema":{"@context":"https:\/\/schema.org","@graph":[{"@type":"Article","@id":"https:\/\/femergs.com.br\/wfe\/blog\/xxiii-seminario-sul-brasileiro-de-previdencia-publica\/#article","isPartOf":{"@id":"https:\/\/femergs.com.br\/wfe\/blog\/xxiii-seminario-sul-brasileiro-de-previdencia-publica\/"},"author":{"name":"adminfemergs","@id":"https:\/\/femergs.com.br\/wfe\/#\/schema\/person\/f5558e6b5ffc044ee085016237dedb7f"},"headline":"XXIII SEMIN\u00c1RIO SUL -BRASILEIRO DE PREVID\u00caNCIA P\u00daBLICA","datePublished":"2025-05-08T09:29:51+00:00","dateModified":"2025-09-02T19:40:22+00:00","mainEntityOfPage":{"@id":"https:\/\/femergs.com.br\/wfe\/blog\/xxiii-seminario-sul-brasileiro-de-previdencia-publica\/"},"wordCount":11,"publisher":{"@id":"https:\/\/femergs.com.br\/wfe\/#organization"},"keywords":["NULL"],"articleSection":["Previd\u00eancia"],"inLanguage":"pt-BR"},{"@type":"WebPage","@id":"https:\/\/femergs.com.br\/wfe\/blog\/xxiii-seminario-sul-brasileiro-de-previdencia-publica\/","url":"https:\/\/femergs.com.br\/wfe\/blog\/xxiii-seminario-sul-brasileiro-de-previdencia-publica\/","name":"XXIII SEMIN\u00c1RIO SUL -BRASILEIRO DE PREVID\u00caNCIA P\u00daBLICA - Federa\u00e7\u00e3o dos Municip\u00e1rios do Estado do Rio Grande do Sul","isPartOf":{"@id":"https:\/\/femergs.com.br\/wfe\/#website"},"datePublished":"2025-05-08T09:29:51+00:00","dateModified":"2025-09-02T19:40:22+00:00","breadcrumb":{"@id":"https:\/\/femergs.com.br\/wfe\/blog\/xxiii-seminario-sul-brasileiro-de-previdencia-publica\/#breadcrumb"},"inLanguage":"pt-BR","potentialAction":[{"@type":"ReadAction","target":["https:\/\/femergs.com.br\/wfe\/blog\/xxiii-seminario-sul-brasileiro-de-previdencia-publica\/"]}]},{"@type":"BreadcrumbList","@id":"https:\/\/femergs.com.br\/wfe\/blog\/xxiii-seminario-sul-brasileiro-de-previdencia-publica\/#breadcrumb","itemListElement":[{"@type":"ListItem","position":1,"name":"In\u00edcio","item":"https:\/\/femergs.com.br\/wfe\/"},{"@type":"ListItem","position":2,"name":"XXIII SEMIN\u00c1RIO SUL -BRASILEIRO DE PREVID\u00caNCIA P\u00daBLICA"}]},{"@type":"WebSite","@id":"https:\/\/femergs.com.br\/wfe\/#website","url":"https:\/\/femergs.com.br\/wfe\/","name":"FEMERGS","description":"FEDERA\u00c7\u00c3O DOS MUNICIP\u00c1RIOS DO ESTADO DO RIO GRANDE DO SUL","publisher":{"@id":"https:\/\/femergs.com.br\/wfe\/#organization"},"potentialAction":[{"@type":"SearchAction","target":{"@type":"EntryPoint","urlTemplate":"https:\/\/femergs.com.br\/wfe\/?s={search_term_string}"},"query-input":{"@type":"PropertyValueSpecification","valueRequired":true,"valueName":"search_term_string"}}],"inLanguage":"pt-BR"},{"@type":"Organization","@id":"https:\/\/femergs.com.br\/wfe\/#organization","name":"FEMERGS","url":"https:\/\/femergs.com.br\/wfe\/","logo":{"@type":"ImageObject","inLanguage":"pt-BR","@id":"https:\/\/femergs.com.br\/wfe\/#\/schema\/logo\/image\/","url":"https:\/\/femergs.com.br\/wfe\/wp-content\/uploads\/2025\/06\/logotipo.png","contentUrl":"https:\/\/femergs.com.br\/wfe\/wp-content\/uploads\/2025\/06\/logotipo.png","width":500,"height":500,"caption":"FEMERGS"},"image":{"@id":"https:\/\/femergs.com.br\/wfe\/#\/schema\/logo\/image\/"},"sameAs":["https:\/\/www.facebook.com\/profile.php?id=100057151733001","https:\/\/www.instagram.com\/femergs_rs\/"]},{"@type":"Person","@id":"https:\/\/femergs.com.br\/wfe\/#\/schema\/person\/f5558e6b5ffc044ee085016237dedb7f","name":"adminfemergs","image":{"@type":"ImageObject","inLanguage":"pt-BR","@id":"https:\/\/femergs.com.br\/wfe\/#\/schema\/person\/image\/","url":"https:\/\/secure.gravatar.com\/avatar\/398642fa557cdd524617ad9b31c938845f071aeb3448b9c0aeb29aefc495337b?s=96&d=mm&r=g","contentUrl":"https:\/\/secure.gravatar.com\/avatar\/398642fa557cdd524617ad9b31c938845f071aeb3448b9c0aeb29aefc495337b?s=96&d=mm&r=g","caption":"adminfemergs"},"sameAs":["https:\/\/femergs.com.br\/wfe"],"url":"https:\/\/femergs.com.br\/wfe\/blog\/author\/adminfemergs\/"}]}},"uagb_featured_image_src":{"full":false,"thumbnail":false,"medium":false,"medium_large":false,"large":false,"1536x1536":false,"2048x2048":false,"ultp_layout_landscape_large":false,"ultp_layout_landscape":false,"ultp_layout_portrait":false,"ultp_layout_square":false},"uagb_author_info":{"display_name":"adminfemergs","author_link":"https:\/\/femergs.com.br\/wfe\/blog\/author\/adminfemergs\/"},"uagb_comment_info":0,"uagb_excerpt":"Fala da Presidente Clarice Mainardi na abertura do XXIII SEMIN\u00c1RIO SUL -BRASILEIRO DE PREVID\u00caNVCIA P\u00daBLICA","_links":{"self":[{"href":"https:\/\/femergs.com.br\/wfe\/wp-json\/wp\/v2\/posts\/1374","targetHints":{"allow":["GET"]}}],"collection":[{"href":"https:\/\/femergs.com.br\/wfe\/wp-json\/wp\/v2\/posts"}],"about":[{"href":"https:\/\/femergs.com.br\/wfe\/wp-json\/wp\/v2\/types\/post"}],"author":[{"embeddable":true,"href":"https:\/\/femergs.com.br\/wfe\/wp-json\/wp\/v2\/users\/1"}],"replies":[{"embeddable":true,"href":"https:\/\/femergs.com.br\/wfe\/wp-json\/wp\/v2\/comments?post=1374"}],"version-history":[{"count":1,"href":"https:\/\/femergs.com.br\/wfe\/wp-json\/wp\/v2\/posts\/1374\/revisions"}],"predecessor-version":[{"id":1438,"href":"https:\/\/femergs.com.br\/wfe\/wp-json\/wp\/v2\/posts\/1374\/revisions\/1438"}],"wp:attachment":[{"href":"https:\/\/femergs.com.br\/wfe\/wp-json\/wp\/v2\/media?parent=1374"}],"wp:term":[{"taxonomy":"category","embeddable":true,"href":"https:\/\/femergs.com.br\/wfe\/wp-json\/wp\/v2\/categories?post=1374"},{"taxonomy":"post_tag","embeddable":true,"href":"https:\/\/femergs.com.br\/wfe\/wp-json\/wp\/v2\/tags?post=1374"}],"curies":[{"name":"wp","href":"https:\/\/api.w.org\/{rel}","templated":true}]}}