{"id":1638,"date":"2025-09-12T13:05:03","date_gmt":"2025-09-12T13:05:03","guid":{"rendered":"https:\/\/femergs.com.br\/wfe\/?p=1638"},"modified":"2025-09-12T13:16:11","modified_gmt":"2025-09-12T13:16:11","slug":"presidente-clarice-mainardi-presente-na-instalacao-da-frente-parlamentar-em-defesa-do-servidor-publico","status":"publish","type":"post","link":"https:\/\/femergs.com.br\/wfe\/blog\/presidente-clarice-mainardi-presente-na-instalacao-da-frente-parlamentar-em-defesa-do-servidor-publico\/","title":{"rendered":"Presidente Clarice Mainardi, presente na instala\u00e7\u00e3o da Frente Parlamentar em Defesa do Servidor P\u00fablico."},"content":{"rendered":"\n<figure class=\"wp-block-embed is-type-video is-provider-youtube wp-block-embed-youtube wp-embed-aspect-9-16 wp-has-aspect-ratio\"><div class=\"wp-block-embed__wrapper\">\n<iframe loading=\"lazy\" title=\"Agenda 09\/09\" width=\"422\" height=\"750\" src=\"https:\/\/www.youtube.com\/embed\/YYIy73Uvse0?feature=oembed\" frameborder=\"0\" allow=\"accelerometer; autoplay; clipboard-write; encrypted-media; gyroscope; picture-in-picture; web-share\" referrerpolicy=\"strict-origin-when-cross-origin\" allowfullscreen><\/iframe>\n<\/div><\/figure>\n\n\n\n<p><\/p>\n","protected":false},"excerpt":{"rendered":"","protected":false},"author":3,"featured_media":1639,"comment_status":"open","ping_status":"open","sticky":false,"template":"","format":"standard","meta":{"_eb_attr":"","_uag_custom_page_level_css":"","fifu_image_url":"","fifu_image_alt":"","footnotes":""},"categories":[7],"tags":[35,19,37],"class_list":["post-1638","post","type-post","status-publish","format-standard","has-post-thumbnail","hentry","category-noticias","tag-assembleia-legislativa","tag-femergs","tag-funcionario-publico"],"yoast_head":"<!-- This site is optimized with the Yoast SEO plugin v27.1.1 - https:\/\/yoast.com\/product\/yoast-seo-wordpress\/ -->\n<title>Presidente Clarice Mainardi, presente na instala\u00e7\u00e3o da Frente Parlamentar em Defesa do Servidor P\u00fablico. - Federa\u00e7\u00e3o dos Municip\u00e1rios do Estado do Rio Grande do Sul<\/title>\n<meta name=\"robots\" content=\"index, follow, max-snippet:-1, max-image-preview:large, max-video-preview:-1\" \/>\n<link rel=\"canonical\" href=\"https:\/\/femergs.com.br\/wfe\/blog\/presidente-clarice-mainardi-presente-na-instalacao-da-frente-parlamentar-em-defesa-do-servidor-publico\/\" \/>\n<meta property=\"og:locale\" content=\"pt_BR\" \/>\n<meta property=\"og:type\" content=\"article\" \/>\n<meta property=\"og:title\" content=\"Presidente Clarice Mainardi, presente na instala\u00e7\u00e3o da Frente Parlamentar em Defesa do Servidor P\u00fablico. - Federa\u00e7\u00e3o dos Municip\u00e1rios do Estado do Rio Grande do Sul\" \/>\n<meta property=\"og:url\" content=\"https:\/\/femergs.com.br\/wfe\/blog\/presidente-clarice-mainardi-presente-na-instalacao-da-frente-parlamentar-em-defesa-do-servidor-publico\/\" \/>\n<meta property=\"og:site_name\" content=\"Federa\u00e7\u00e3o dos Municip\u00e1rios do Estado do Rio Grande do Sul\" \/>\n<meta property=\"article:publisher\" content=\"https:\/\/www.facebook.com\/profile.php?id=100057151733001\" \/>\n<meta property=\"article:published_time\" content=\"2025-09-12T13:05:03+00:00\" \/>\n<meta property=\"article:modified_time\" content=\"2025-09-12T13:16:11+00:00\" \/>\n<meta property=\"og:image\" content=\"https:\/\/femergs.com.br\/wfe\/wp-content\/uploads\/2025\/09\/WhatsApp-Image-2025-09-10-at-13.21.57-scaled.webp\" \/>\n\t<meta property=\"og:image:width\" content=\"2560\" \/>\n\t<meta property=\"og:image:height\" content=\"2038\" \/>\n\t<meta property=\"og:image:type\" content=\"image\/jpeg\" \/>\n<meta name=\"author\" content=\"miriam\" \/>\n<meta name=\"twitter:card\" content=\"summary_large_image\" \/>\n<meta name=\"twitter:label1\" content=\"Escrito por\" \/>\n\t<meta name=\"twitter:data1\" content=\"miriam\" \/>\n\t<meta name=\"twitter:label2\" content=\"Est. tempo de leitura\" \/>\n\t<meta name=\"twitter:data2\" content=\"1 minuto\" \/>\n<script type=\"application\/ld+json\" class=\"yoast-schema-graph\">{\"@context\":\"https:\/\/schema.org\",\"@graph\":[{\"@type\":\"Article\",\"@id\":\"https:\/\/femergs.com.br\/wfe\/blog\/presidente-clarice-mainardi-presente-na-instalacao-da-frente-parlamentar-em-defesa-do-servidor-publico\/#article\",\"isPartOf\":{\"@id\":\"https:\/\/femergs.com.br\/wfe\/blog\/presidente-clarice-mainardi-presente-na-instalacao-da-frente-parlamentar-em-defesa-do-servidor-publico\/\"},\"author\":{\"name\":\"miriam\",\"@id\":\"https:\/\/femergs.com.br\/wfe\/#\/schema\/person\/4b3af19a984e10c0c238865d19a18861\"},\"headline\":\"Presidente Clarice Mainardi, presente na instala\u00e7\u00e3o da Frente Parlamentar em Defesa do Servidor P\u00fablico.\",\"datePublished\":\"2025-09-12T13:05:03+00:00\",\"dateModified\":\"2025-09-12T13:16:11+00:00\",\"mainEntityOfPage\":{\"@id\":\"https:\/\/femergs.com.br\/wfe\/blog\/presidente-clarice-mainardi-presente-na-instalacao-da-frente-parlamentar-em-defesa-do-servidor-publico\/\"},\"wordCount\":22,\"commentCount\":0,\"publisher\":{\"@id\":\"https:\/\/femergs.com.br\/wfe\/#organization\"},\"image\":{\"@id\":\"https:\/\/femergs.com.br\/wfe\/blog\/presidente-clarice-mainardi-presente-na-instalacao-da-frente-parlamentar-em-defesa-do-servidor-publico\/#primaryimage\"},\"thumbnailUrl\":\"https:\/\/femergs.com.br\/wfe\/wp-content\/uploads\/2025\/09\/WhatsApp-Image-2025-09-10-at-13.21.57-scaled.webp\",\"keywords\":[\"assembleia legislativa\",\"femergs\",\"funcionario publico\"],\"articleSection\":[\"Not\u00edcias Gerais\"],\"inLanguage\":\"pt-BR\",\"potentialAction\":[{\"@type\":\"CommentAction\",\"name\":\"Comment\",\"target\":[\"https:\/\/femergs.com.br\/wfe\/blog\/presidente-clarice-mainardi-presente-na-instalacao-da-frente-parlamentar-em-defesa-do-servidor-publico\/#respond\"]}]},{\"@type\":\"WebPage\",\"@id\":\"https:\/\/femergs.com.br\/wfe\/blog\/presidente-clarice-mainardi-presente-na-instalacao-da-frente-parlamentar-em-defesa-do-servidor-publico\/\",\"url\":\"https:\/\/femergs.com.br\/wfe\/blog\/presidente-clarice-mainardi-presente-na-instalacao-da-frente-parlamentar-em-defesa-do-servidor-publico\/\",\"name\":\"Presidente Clarice Mainardi, presente na instala\u00e7\u00e3o da Frente Parlamentar em Defesa do Servidor P\u00fablico. - Federa\u00e7\u00e3o dos Municip\u00e1rios do Estado do Rio Grande do Sul\",\"isPartOf\":{\"@id\":\"https:\/\/femergs.com.br\/wfe\/#website\"},\"primaryImageOfPage\":{\"@id\":\"https:\/\/femergs.com.br\/wfe\/blog\/presidente-clarice-mainardi-presente-na-instalacao-da-frente-parlamentar-em-defesa-do-servidor-publico\/#primaryimage\"},\"image\":{\"@id\":\"https:\/\/femergs.com.br\/wfe\/blog\/presidente-clarice-mainardi-presente-na-instalacao-da-frente-parlamentar-em-defesa-do-servidor-publico\/#primaryimage\"},\"thumbnailUrl\":\"https:\/\/femergs.com.br\/wfe\/wp-content\/uploads\/2025\/09\/WhatsApp-Image-2025-09-10-at-13.21.57-scaled.webp\",\"datePublished\":\"2025-09-12T13:05:03+00:00\",\"dateModified\":\"2025-09-12T13:16:11+00:00\",\"breadcrumb\":{\"@id\":\"https:\/\/femergs.com.br\/wfe\/blog\/presidente-clarice-mainardi-presente-na-instalacao-da-frente-parlamentar-em-defesa-do-servidor-publico\/#breadcrumb\"},\"inLanguage\":\"pt-BR\",\"potentialAction\":[{\"@type\":\"ReadAction\",\"target\":[\"https:\/\/femergs.com.br\/wfe\/blog\/presidente-clarice-mainardi-presente-na-instalacao-da-frente-parlamentar-em-defesa-do-servidor-publico\/\"]}]},{\"@type\":\"ImageObject\",\"inLanguage\":\"pt-BR\",\"@id\":\"https:\/\/femergs.com.br\/wfe\/blog\/presidente-clarice-mainardi-presente-na-instalacao-da-frente-parlamentar-em-defesa-do-servidor-publico\/#primaryimage\",\"url\":\"https:\/\/femergs.com.br\/wfe\/wp-content\/uploads\/2025\/09\/WhatsApp-Image-2025-09-10-at-13.21.57-scaled.webp\",\"contentUrl\":\"https:\/\/femergs.com.br\/wfe\/wp-content\/uploads\/2025\/09\/WhatsApp-Image-2025-09-10-at-13.21.57-scaled.webp\",\"width\":2560,\"height\":2038},{\"@type\":\"BreadcrumbList\",\"@id\":\"https:\/\/femergs.com.br\/wfe\/blog\/presidente-clarice-mainardi-presente-na-instalacao-da-frente-parlamentar-em-defesa-do-servidor-publico\/#breadcrumb\",\"itemListElement\":[{\"@type\":\"ListItem\",\"position\":1,\"name\":\"In\u00edcio\",\"item\":\"https:\/\/femergs.com.br\/wfe\/\"},{\"@type\":\"ListItem\",\"position\":2,\"name\":\"Presidente Clarice Mainardi, presente na instala\u00e7\u00e3o da Frente Parlamentar em Defesa do Servidor P\u00fablico.\"}]},{\"@type\":\"WebSite\",\"@id\":\"https:\/\/femergs.com.br\/wfe\/#website\",\"url\":\"https:\/\/femergs.com.br\/wfe\/\",\"name\":\"FEMERGS\",\"description\":\"FEDERA\u00c7\u00c3O DOS MUNICIP\u00c1RIOS DO ESTADO DO RIO GRANDE DO SUL\",\"publisher\":{\"@id\":\"https:\/\/femergs.com.br\/wfe\/#organization\"},\"potentialAction\":[{\"@type\":\"SearchAction\",\"target\":{\"@type\":\"EntryPoint\",\"urlTemplate\":\"https:\/\/femergs.com.br\/wfe\/?s={search_term_string}\"},\"query-input\":{\"@type\":\"PropertyValueSpecification\",\"valueRequired\":true,\"valueName\":\"search_term_string\"}}],\"inLanguage\":\"pt-BR\"},{\"@type\":\"Organization\",\"@id\":\"https:\/\/femergs.com.br\/wfe\/#organization\",\"name\":\"FEMERGS\",\"url\":\"https:\/\/femergs.com.br\/wfe\/\",\"logo\":{\"@type\":\"ImageObject\",\"inLanguage\":\"pt-BR\",\"@id\":\"https:\/\/femergs.com.br\/wfe\/#\/schema\/logo\/image\/\",\"url\":\"https:\/\/femergs.com.br\/wfe\/wp-content\/uploads\/2025\/06\/logotipo.png\",\"contentUrl\":\"https:\/\/femergs.com.br\/wfe\/wp-content\/uploads\/2025\/06\/logotipo.png\",\"width\":500,\"height\":500,\"caption\":\"FEMERGS\"},\"image\":{\"@id\":\"https:\/\/femergs.com.br\/wfe\/#\/schema\/logo\/image\/\"},\"sameAs\":[\"https:\/\/www.facebook.com\/profile.php?id=100057151733001\",\"https:\/\/www.instagram.com\/femergs_rs\/\"]},{\"@type\":\"Person\",\"@id\":\"https:\/\/femergs.com.br\/wfe\/#\/schema\/person\/4b3af19a984e10c0c238865d19a18861\",\"name\":\"miriam\",\"image\":{\"@type\":\"ImageObject\",\"inLanguage\":\"pt-BR\",\"@id\":\"https:\/\/femergs.com.br\/wfe\/#\/schema\/person\/image\/\",\"url\":\"https:\/\/secure.gravatar.com\/avatar\/99e0219887272b5886d5bfee4d4769a4ddd6a5dbbff08bfc7638bfdc246689f1?s=96&d=mm&r=g\",\"contentUrl\":\"https:\/\/secure.gravatar.com\/avatar\/99e0219887272b5886d5bfee4d4769a4ddd6a5dbbff08bfc7638bfdc246689f1?s=96&d=mm&r=g\",\"caption\":\"miriam\"},\"url\":\"https:\/\/femergs.com.br\/wfe\/blog\/author\/miriam\/\"}]}<\/script>\n<!-- \/ Yoast SEO plugin. -->","yoast_head_json":{"title":"Presidente Clarice Mainardi, presente na instala\u00e7\u00e3o da Frente Parlamentar em Defesa do Servidor P\u00fablico. - Federa\u00e7\u00e3o dos Municip\u00e1rios do Estado do Rio Grande do Sul","robots":{"index":"index","follow":"follow","max-snippet":"max-snippet:-1","max-image-preview":"max-image-preview:large","max-video-preview":"max-video-preview:-1"},"canonical":"https:\/\/femergs.com.br\/wfe\/blog\/presidente-clarice-mainardi-presente-na-instalacao-da-frente-parlamentar-em-defesa-do-servidor-publico\/","og_locale":"pt_BR","og_type":"article","og_title":"Presidente Clarice Mainardi, presente na instala\u00e7\u00e3o da Frente Parlamentar em Defesa do Servidor P\u00fablico. - Federa\u00e7\u00e3o dos Municip\u00e1rios do Estado do Rio Grande do Sul","og_url":"https:\/\/femergs.com.br\/wfe\/blog\/presidente-clarice-mainardi-presente-na-instalacao-da-frente-parlamentar-em-defesa-do-servidor-publico\/","og_site_name":"Federa\u00e7\u00e3o dos Municip\u00e1rios do Estado do Rio Grande do Sul","article_publisher":"https:\/\/www.facebook.com\/profile.php?id=100057151733001","article_published_time":"2025-09-12T13:05:03+00:00","article_modified_time":"2025-09-12T13:16:11+00:00","og_image":[{"width":2560,"height":2038,"url":"https:\/\/femergs.com.br\/wfe\/wp-content\/uploads\/2025\/09\/WhatsApp-Image-2025-09-10-at-13.21.57-scaled.webp","type":"image\/jpeg"}],"author":"miriam","twitter_card":"summary_large_image","twitter_misc":{"Escrito por":"miriam","Est. tempo de leitura":"1 minuto"},"schema":{"@context":"https:\/\/schema.org","@graph":[{"@type":"Article","@id":"https:\/\/femergs.com.br\/wfe\/blog\/presidente-clarice-mainardi-presente-na-instalacao-da-frente-parlamentar-em-defesa-do-servidor-publico\/#article","isPartOf":{"@id":"https:\/\/femergs.com.br\/wfe\/blog\/presidente-clarice-mainardi-presente-na-instalacao-da-frente-parlamentar-em-defesa-do-servidor-publico\/"},"author":{"name":"miriam","@id":"https:\/\/femergs.com.br\/wfe\/#\/schema\/person\/4b3af19a984e10c0c238865d19a18861"},"headline":"Presidente Clarice Mainardi, presente na instala\u00e7\u00e3o da Frente Parlamentar em Defesa do Servidor P\u00fablico.","datePublished":"2025-09-12T13:05:03+00:00","dateModified":"2025-09-12T13:16:11+00:00","mainEntityOfPage":{"@id":"https:\/\/femergs.com.br\/wfe\/blog\/presidente-clarice-mainardi-presente-na-instalacao-da-frente-parlamentar-em-defesa-do-servidor-publico\/"},"wordCount":22,"commentCount":0,"publisher":{"@id":"https:\/\/femergs.com.br\/wfe\/#organization"},"image":{"@id":"https:\/\/femergs.com.br\/wfe\/blog\/presidente-clarice-mainardi-presente-na-instalacao-da-frente-parlamentar-em-defesa-do-servidor-publico\/#primaryimage"},"thumbnailUrl":"https:\/\/femergs.com.br\/wfe\/wp-content\/uploads\/2025\/09\/WhatsApp-Image-2025-09-10-at-13.21.57-scaled.webp","keywords":["assembleia legislativa","femergs","funcionario publico"],"articleSection":["Not\u00edcias Gerais"],"inLanguage":"pt-BR","potentialAction":[{"@type":"CommentAction","name":"Comment","target":["https:\/\/femergs.com.br\/wfe\/blog\/presidente-clarice-mainardi-presente-na-instalacao-da-frente-parlamentar-em-defesa-do-servidor-publico\/#respond"]}]},{"@type":"WebPage","@id":"https:\/\/femergs.com.br\/wfe\/blog\/presidente-clarice-mainardi-presente-na-instalacao-da-frente-parlamentar-em-defesa-do-servidor-publico\/","url":"https:\/\/femergs.com.br\/wfe\/blog\/presidente-clarice-mainardi-presente-na-instalacao-da-frente-parlamentar-em-defesa-do-servidor-publico\/","name":"Presidente Clarice Mainardi, presente na instala\u00e7\u00e3o da Frente Parlamentar em Defesa do Servidor P\u00fablico. - Federa\u00e7\u00e3o dos Municip\u00e1rios do Estado do Rio Grande do Sul","isPartOf":{"@id":"https:\/\/femergs.com.br\/wfe\/#website"},"primaryImageOfPage":{"@id":"https:\/\/femergs.com.br\/wfe\/blog\/presidente-clarice-mainardi-presente-na-instalacao-da-frente-parlamentar-em-defesa-do-servidor-publico\/#primaryimage"},"image":{"@id":"https:\/\/femergs.com.br\/wfe\/blog\/presidente-clarice-mainardi-presente-na-instalacao-da-frente-parlamentar-em-defesa-do-servidor-publico\/#primaryimage"},"thumbnailUrl":"https:\/\/femergs.com.br\/wfe\/wp-content\/uploads\/2025\/09\/WhatsApp-Image-2025-09-10-at-13.21.57-scaled.webp","datePublished":"2025-09-12T13:05:03+00:00","dateModified":"2025-09-12T13:16:11+00:00","breadcrumb":{"@id":"https:\/\/femergs.com.br\/wfe\/blog\/presidente-clarice-mainardi-presente-na-instalacao-da-frente-parlamentar-em-defesa-do-servidor-publico\/#breadcrumb"},"inLanguage":"pt-BR","potentialAction":[{"@type":"ReadAction","target":["https:\/\/femergs.com.br\/wfe\/blog\/presidente-clarice-mainardi-presente-na-instalacao-da-frente-parlamentar-em-defesa-do-servidor-publico\/"]}]},{"@type":"ImageObject","inLanguage":"pt-BR","@id":"https:\/\/femergs.com.br\/wfe\/blog\/presidente-clarice-mainardi-presente-na-instalacao-da-frente-parlamentar-em-defesa-do-servidor-publico\/#primaryimage","url":"https:\/\/femergs.com.br\/wfe\/wp-content\/uploads\/2025\/09\/WhatsApp-Image-2025-09-10-at-13.21.57-scaled.webp","contentUrl":"https:\/\/femergs.com.br\/wfe\/wp-content\/uploads\/2025\/09\/WhatsApp-Image-2025-09-10-at-13.21.57-scaled.webp","width":2560,"height":2038},{"@type":"BreadcrumbList","@id":"https:\/\/femergs.com.br\/wfe\/blog\/presidente-clarice-mainardi-presente-na-instalacao-da-frente-parlamentar-em-defesa-do-servidor-publico\/#breadcrumb","itemListElement":[{"@type":"ListItem","position":1,"name":"In\u00edcio","item":"https:\/\/femergs.com.br\/wfe\/"},{"@type":"ListItem","position":2,"name":"Presidente Clarice Mainardi, presente na instala\u00e7\u00e3o da Frente Parlamentar em Defesa do Servidor P\u00fablico."}]},{"@type":"WebSite","@id":"https:\/\/femergs.com.br\/wfe\/#website","url":"https:\/\/femergs.com.br\/wfe\/","name":"FEMERGS","description":"FEDERA\u00c7\u00c3O DOS MUNICIP\u00c1RIOS DO ESTADO DO RIO GRANDE DO SUL","publisher":{"@id":"https:\/\/femergs.com.br\/wfe\/#organization"},"potentialAction":[{"@type":"SearchAction","target":{"@type":"EntryPoint","urlTemplate":"https:\/\/femergs.com.br\/wfe\/?s={search_term_string}"},"query-input":{"@type":"PropertyValueSpecification","valueRequired":true,"valueName":"search_term_string"}}],"inLanguage":"pt-BR"},{"@type":"Organization","@id":"https:\/\/femergs.com.br\/wfe\/#organization","name":"FEMERGS","url":"https:\/\/femergs.com.br\/wfe\/","logo":{"@type":"ImageObject","inLanguage":"pt-BR","@id":"https:\/\/femergs.com.br\/wfe\/#\/schema\/logo\/image\/","url":"https:\/\/femergs.com.br\/wfe\/wp-content\/uploads\/2025\/06\/logotipo.png","contentUrl":"https:\/\/femergs.com.br\/wfe\/wp-content\/uploads\/2025\/06\/logotipo.png","width":500,"height":500,"caption":"FEMERGS"},"image":{"@id":"https:\/\/femergs.com.br\/wfe\/#\/schema\/logo\/image\/"},"sameAs":["https:\/\/www.facebook.com\/profile.php?id=100057151733001","https:\/\/www.instagram.com\/femergs_rs\/"]},{"@type":"Person","@id":"https:\/\/femergs.com.br\/wfe\/#\/schema\/person\/4b3af19a984e10c0c238865d19a18861","name":"miriam","image":{"@type":"ImageObject","inLanguage":"pt-BR","@id":"https:\/\/femergs.com.br\/wfe\/#\/schema\/person\/image\/","url":"https:\/\/secure.gravatar.com\/avatar\/99e0219887272b5886d5bfee4d4769a4ddd6a5dbbff08bfc7638bfdc246689f1?s=96&d=mm&r=g","contentUrl":"https:\/\/secure.gravatar.com\/avatar\/99e0219887272b5886d5bfee4d4769a4ddd6a5dbbff08bfc7638bfdc246689f1?s=96&d=mm&r=g","caption":"miriam"},"url":"https:\/\/femergs.com.br\/wfe\/blog\/author\/miriam\/"}]}},"uagb_featured_image_src":{"full":["https:\/\/femergs.com.br\/wfe\/wp-content\/uploads\/2025\/09\/WhatsApp-Image-2025-09-10-at-13.21.57-scaled.webp",2560,2038,false],"thumbnail":["https:\/\/femergs.com.br\/wfe\/wp-content\/uploads\/2025\/09\/WhatsApp-Image-2025-09-10-at-13.21.57-150x150.webp",150,150,true],"medium":["https:\/\/femergs.com.br\/wfe\/wp-content\/uploads\/2025\/09\/WhatsApp-Image-2025-09-10-at-13.21.57-300x239.webp",300,239,true],"medium_large":["https:\/\/femergs.com.br\/wfe\/wp-content\/uploads\/2025\/09\/WhatsApp-Image-2025-09-10-at-13.21.57-768x612.webp",768,612,true],"large":["https:\/\/femergs.com.br\/wfe\/wp-content\/uploads\/2025\/09\/WhatsApp-Image-2025-09-10-at-13.21.57-1024x815.webp",1024,815,true],"1536x1536":["https:\/\/femergs.com.br\/wfe\/wp-content\/uploads\/2025\/09\/WhatsApp-Image-2025-09-10-at-13.21.57-1536x1223.webp",1536,1223,true],"2048x2048":["https:\/\/femergs.com.br\/wfe\/wp-content\/uploads\/2025\/09\/WhatsApp-Image-2025-09-10-at-13.21.57-2048x1631.webp",2048,1631,true],"ultp_layout_landscape_large":["https:\/\/femergs.com.br\/wfe\/wp-content\/uploads\/2025\/09\/WhatsApp-Image-2025-09-10-at-13.21.57-1200x800.webp",1200,800,true],"ultp_layout_landscape":["https:\/\/femergs.com.br\/wfe\/wp-content\/uploads\/2025\/09\/WhatsApp-Image-2025-09-10-at-13.21.57-870x570.webp",870,570,true],"ultp_layout_portrait":["https:\/\/femergs.com.br\/wfe\/wp-content\/uploads\/2025\/09\/WhatsApp-Image-2025-09-10-at-13.21.57-600x900.webp",600,900,true],"ultp_layout_square":["https:\/\/femergs.com.br\/wfe\/wp-content\/uploads\/2025\/09\/WhatsApp-Image-2025-09-10-at-13.21.57-600x600.webp",600,600,true]},"uagb_author_info":{"display_name":"miriam","author_link":"https:\/\/femergs.com.br\/wfe\/blog\/author\/miriam\/"},"uagb_comment_info":0,"uagb_excerpt":null,"_links":{"self":[{"href":"https:\/\/femergs.com.br\/wfe\/wp-json\/wp\/v2\/posts\/1638","targetHints":{"allow":["GET"]}}],"collection":[{"href":"https:\/\/femergs.com.br\/wfe\/wp-json\/wp\/v2\/posts"}],"about":[{"href":"https:\/\/femergs.com.br\/wfe\/wp-json\/wp\/v2\/types\/post"}],"author":[{"embeddable":true,"href":"https:\/\/femergs.com.br\/wfe\/wp-json\/wp\/v2\/users\/3"}],"replies":[{"embeddable":true,"href":"https:\/\/femergs.com.br\/wfe\/wp-json\/wp\/v2\/comments?post=1638"}],"version-history":[{"count":1,"href":"https:\/\/femergs.com.br\/wfe\/wp-json\/wp\/v2\/posts\/1638\/revisions"}],"predecessor-version":[{"id":1640,"href":"https:\/\/femergs.com.br\/wfe\/wp-json\/wp\/v2\/posts\/1638\/revisions\/1640"}],"wp:featuredmedia":[{"embeddable":true,"href":"https:\/\/femergs.com.br\/wfe\/wp-json\/wp\/v2\/media\/1639"}],"wp:attachment":[{"href":"https:\/\/femergs.com.br\/wfe\/wp-json\/wp\/v2\/media?parent=1638"}],"wp:term":[{"taxonomy":"category","embeddable":true,"href":"https:\/\/femergs.com.br\/wfe\/wp-json\/wp\/v2\/categories?post=1638"},{"taxonomy":"post_tag","embeddable":true,"href":"https:\/\/femergs.com.br\/wfe\/wp-json\/wp\/v2\/tags?post=1638"}],"curies":[{"name":"wp","href":"https:\/\/api.w.org\/{rel}","templated":true}]}}