{"id":1663,"date":"2025-09-18T14:16:11","date_gmt":"2025-09-18T14:16:11","guid":{"rendered":"https:\/\/femergs.com.br\/wfe\/?p=1663"},"modified":"2025-09-18T14:17:30","modified_gmt":"2025-09-18T14:17:30","slug":"fala-da-presidente-clarice-no-dia-17-na-camara-de-vereadores-de-santa-rosa-em-defesa-do-piso-nacional-do-magisterio","status":"publish","type":"post","link":"https:\/\/femergs.com.br\/wfe\/blog\/fala-da-presidente-clarice-no-dia-17-na-camara-de-vereadores-de-santa-rosa-em-defesa-do-piso-nacional-do-magisterio\/","title":{"rendered":"Fala da Presidente Clarice no dia 17 na C\u00e2mara de Vereadores de Santa Rosa em defesa do Piso Nacional do Magist\u00e9rio."},"content":{"rendered":"\n<p>Bom dia!<br>Quero registrar minha gratid\u00e3o pela presen\u00e7a e atua\u00e7\u00e3o da nossa presidente Clarice na noite de ontem. Sua postura firme e brilhante fez muitos pol\u00edticos repensarem suas atitudes e encheu de orgulho todos os servidores que representa. Um verdadeiro exemplo de lideran\u00e7a e coragem!<\/p>\n\n\n\n<figure class=\"wp-block-embed is-provider-youtube wp-block-embed-youtube\"><div class=\"wp-block-embed__wrapper\">\nhttps:\/\/studio.youtube.com\/video\/tm-j7bKsW00\/edit\n<\/div><\/figure>\n","protected":false},"excerpt":{"rendered":"<p>Bom dia!Quero registrar minha gratid\u00e3o pela presen\u00e7a e atua\u00e7\u00e3o da nossa presidente Clarice na noite de ontem. Sua postura firme e brilhante fez muitos pol\u00edticos repensarem suas atitudes e encheu de orgulho todos os servidores que representa. Um verdadeiro exemplo de lideran\u00e7a e coragem!<\/p>\n","protected":false},"author":3,"featured_media":1664,"comment_status":"open","ping_status":"open","sticky":false,"template":"","format":"standard","meta":{"_eb_attr":"","_uag_custom_page_level_css":"","fifu_image_url":"","fifu_image_alt":"","footnotes":""},"categories":[30,7],"tags":[],"class_list":["post-1663","post","type-post","status-publish","format-standard","has-post-thumbnail","hentry","category-educacao","category-noticias"],"yoast_head":"<!-- This site is optimized with the Yoast SEO plugin v27.1.1 - https:\/\/yoast.com\/product\/yoast-seo-wordpress\/ -->\n<title>Fala da Presidente Clarice no dia 17 na C\u00e2mara de Vereadores de Santa Rosa em defesa do Piso Nacional do Magist\u00e9rio. - Federa\u00e7\u00e3o dos Municip\u00e1rios do Estado do Rio Grande do Sul<\/title>\n<meta name=\"robots\" content=\"index, follow, max-snippet:-1, max-image-preview:large, max-video-preview:-1\" \/>\n<link rel=\"canonical\" href=\"https:\/\/femergs.com.br\/wfe\/blog\/fala-da-presidente-clarice-no-dia-17-na-camara-de-vereadores-de-santa-rosa-em-defesa-do-piso-nacional-do-magisterio\/\" \/>\n<meta property=\"og:locale\" content=\"pt_BR\" \/>\n<meta property=\"og:type\" content=\"article\" \/>\n<meta property=\"og:title\" content=\"Fala da Presidente Clarice no dia 17 na C\u00e2mara de Vereadores de Santa Rosa em defesa do Piso Nacional do Magist\u00e9rio. - Federa\u00e7\u00e3o dos Municip\u00e1rios do Estado do Rio Grande do Sul\" \/>\n<meta property=\"og:description\" content=\"Bom dia!Quero registrar minha gratid\u00e3o pela presen\u00e7a e atua\u00e7\u00e3o da nossa presidente Clarice na noite de ontem. Sua postura firme e brilhante fez muitos pol\u00edticos repensarem suas atitudes e encheu de orgulho todos os servidores que representa. Um verdadeiro exemplo de lideran\u00e7a e coragem!\" \/>\n<meta property=\"og:url\" content=\"https:\/\/femergs.com.br\/wfe\/blog\/fala-da-presidente-clarice-no-dia-17-na-camara-de-vereadores-de-santa-rosa-em-defesa-do-piso-nacional-do-magisterio\/\" \/>\n<meta property=\"og:site_name\" content=\"Federa\u00e7\u00e3o dos Municip\u00e1rios do Estado do Rio Grande do Sul\" \/>\n<meta property=\"article:publisher\" content=\"https:\/\/www.facebook.com\/profile.php?id=100057151733001\" \/>\n<meta property=\"article:published_time\" content=\"2025-09-18T14:16:11+00:00\" \/>\n<meta property=\"article:modified_time\" content=\"2025-09-18T14:17:30+00:00\" \/>\n<meta property=\"og:image\" content=\"https:\/\/femergs.com.br\/wfe\/wp-content\/uploads\/2025\/09\/548296221_1327544449160600_667304587583576403_n.webp\" \/>\n\t<meta property=\"og:image:width\" content=\"972\" \/>\n\t<meta property=\"og:image:height\" content=\"1296\" \/>\n\t<meta property=\"og:image:type\" content=\"image\/jpeg\" \/>\n<meta name=\"author\" content=\"miriam\" \/>\n<meta name=\"twitter:card\" content=\"summary_large_image\" \/>\n<meta name=\"twitter:label1\" content=\"Escrito por\" \/>\n\t<meta name=\"twitter:data1\" content=\"miriam\" \/>\n\t<meta name=\"twitter:label2\" content=\"Est. tempo de leitura\" \/>\n\t<meta name=\"twitter:data2\" content=\"1 minuto\" \/>\n<script type=\"application\/ld+json\" class=\"yoast-schema-graph\">{\"@context\":\"https:\/\/schema.org\",\"@graph\":[{\"@type\":\"Article\",\"@id\":\"https:\/\/femergs.com.br\/wfe\/blog\/fala-da-presidente-clarice-no-dia-17-na-camara-de-vereadores-de-santa-rosa-em-defesa-do-piso-nacional-do-magisterio\/#article\",\"isPartOf\":{\"@id\":\"https:\/\/femergs.com.br\/wfe\/blog\/fala-da-presidente-clarice-no-dia-17-na-camara-de-vereadores-de-santa-rosa-em-defesa-do-piso-nacional-do-magisterio\/\"},\"author\":{\"name\":\"miriam\",\"@id\":\"https:\/\/femergs.com.br\/wfe\/#\/schema\/person\/4b3af19a984e10c0c238865d19a18861\"},\"headline\":\"Fala da Presidente Clarice no dia 17 na C\u00e2mara de Vereadores de Santa Rosa em defesa do Piso Nacional do Magist\u00e9rio.\",\"datePublished\":\"2025-09-18T14:16:11+00:00\",\"dateModified\":\"2025-09-18T14:17:30+00:00\",\"mainEntityOfPage\":{\"@id\":\"https:\/\/femergs.com.br\/wfe\/blog\/fala-da-presidente-clarice-no-dia-17-na-camara-de-vereadores-de-santa-rosa-em-defesa-do-piso-nacional-do-magisterio\/\"},\"wordCount\":80,\"commentCount\":0,\"publisher\":{\"@id\":\"https:\/\/femergs.com.br\/wfe\/#organization\"},\"image\":{\"@id\":\"https:\/\/femergs.com.br\/wfe\/blog\/fala-da-presidente-clarice-no-dia-17-na-camara-de-vereadores-de-santa-rosa-em-defesa-do-piso-nacional-do-magisterio\/#primaryimage\"},\"thumbnailUrl\":\"https:\/\/femergs.com.br\/wfe\/wp-content\/uploads\/2025\/09\/548296221_1327544449160600_667304587583576403_n.webp\",\"articleSection\":[\"Educa\u00e7\u00e3o\",\"Not\u00edcias Gerais\"],\"inLanguage\":\"pt-BR\",\"potentialAction\":[{\"@type\":\"CommentAction\",\"name\":\"Comment\",\"target\":[\"https:\/\/femergs.com.br\/wfe\/blog\/fala-da-presidente-clarice-no-dia-17-na-camara-de-vereadores-de-santa-rosa-em-defesa-do-piso-nacional-do-magisterio\/#respond\"]}]},{\"@type\":\"WebPage\",\"@id\":\"https:\/\/femergs.com.br\/wfe\/blog\/fala-da-presidente-clarice-no-dia-17-na-camara-de-vereadores-de-santa-rosa-em-defesa-do-piso-nacional-do-magisterio\/\",\"url\":\"https:\/\/femergs.com.br\/wfe\/blog\/fala-da-presidente-clarice-no-dia-17-na-camara-de-vereadores-de-santa-rosa-em-defesa-do-piso-nacional-do-magisterio\/\",\"name\":\"Fala da Presidente Clarice no dia 17 na C\u00e2mara de Vereadores de Santa Rosa em defesa do Piso Nacional do Magist\u00e9rio. - Federa\u00e7\u00e3o dos Municip\u00e1rios do Estado do Rio Grande do Sul\",\"isPartOf\":{\"@id\":\"https:\/\/femergs.com.br\/wfe\/#website\"},\"primaryImageOfPage\":{\"@id\":\"https:\/\/femergs.com.br\/wfe\/blog\/fala-da-presidente-clarice-no-dia-17-na-camara-de-vereadores-de-santa-rosa-em-defesa-do-piso-nacional-do-magisterio\/#primaryimage\"},\"image\":{\"@id\":\"https:\/\/femergs.com.br\/wfe\/blog\/fala-da-presidente-clarice-no-dia-17-na-camara-de-vereadores-de-santa-rosa-em-defesa-do-piso-nacional-do-magisterio\/#primaryimage\"},\"thumbnailUrl\":\"https:\/\/femergs.com.br\/wfe\/wp-content\/uploads\/2025\/09\/548296221_1327544449160600_667304587583576403_n.webp\",\"datePublished\":\"2025-09-18T14:16:11+00:00\",\"dateModified\":\"2025-09-18T14:17:30+00:00\",\"breadcrumb\":{\"@id\":\"https:\/\/femergs.com.br\/wfe\/blog\/fala-da-presidente-clarice-no-dia-17-na-camara-de-vereadores-de-santa-rosa-em-defesa-do-piso-nacional-do-magisterio\/#breadcrumb\"},\"inLanguage\":\"pt-BR\",\"potentialAction\":[{\"@type\":\"ReadAction\",\"target\":[\"https:\/\/femergs.com.br\/wfe\/blog\/fala-da-presidente-clarice-no-dia-17-na-camara-de-vereadores-de-santa-rosa-em-defesa-do-piso-nacional-do-magisterio\/\"]}]},{\"@type\":\"ImageObject\",\"inLanguage\":\"pt-BR\",\"@id\":\"https:\/\/femergs.com.br\/wfe\/blog\/fala-da-presidente-clarice-no-dia-17-na-camara-de-vereadores-de-santa-rosa-em-defesa-do-piso-nacional-do-magisterio\/#primaryimage\",\"url\":\"https:\/\/femergs.com.br\/wfe\/wp-content\/uploads\/2025\/09\/548296221_1327544449160600_667304587583576403_n.webp\",\"contentUrl\":\"https:\/\/femergs.com.br\/wfe\/wp-content\/uploads\/2025\/09\/548296221_1327544449160600_667304587583576403_n.webp\",\"width\":972,\"height\":1296},{\"@type\":\"BreadcrumbList\",\"@id\":\"https:\/\/femergs.com.br\/wfe\/blog\/fala-da-presidente-clarice-no-dia-17-na-camara-de-vereadores-de-santa-rosa-em-defesa-do-piso-nacional-do-magisterio\/#breadcrumb\",\"itemListElement\":[{\"@type\":\"ListItem\",\"position\":1,\"name\":\"In\u00edcio\",\"item\":\"https:\/\/femergs.com.br\/wfe\/\"},{\"@type\":\"ListItem\",\"position\":2,\"name\":\"Fala da Presidente Clarice no dia 17 na C\u00e2mara de Vereadores de Santa Rosa em defesa do Piso Nacional do Magist\u00e9rio.\"}]},{\"@type\":\"WebSite\",\"@id\":\"https:\/\/femergs.com.br\/wfe\/#website\",\"url\":\"https:\/\/femergs.com.br\/wfe\/\",\"name\":\"FEMERGS\",\"description\":\"FEDERA\u00c7\u00c3O DOS MUNICIP\u00c1RIOS DO ESTADO DO RIO GRANDE DO SUL\",\"publisher\":{\"@id\":\"https:\/\/femergs.com.br\/wfe\/#organization\"},\"potentialAction\":[{\"@type\":\"SearchAction\",\"target\":{\"@type\":\"EntryPoint\",\"urlTemplate\":\"https:\/\/femergs.com.br\/wfe\/?s={search_term_string}\"},\"query-input\":{\"@type\":\"PropertyValueSpecification\",\"valueRequired\":true,\"valueName\":\"search_term_string\"}}],\"inLanguage\":\"pt-BR\"},{\"@type\":\"Organization\",\"@id\":\"https:\/\/femergs.com.br\/wfe\/#organization\",\"name\":\"FEMERGS\",\"url\":\"https:\/\/femergs.com.br\/wfe\/\",\"logo\":{\"@type\":\"ImageObject\",\"inLanguage\":\"pt-BR\",\"@id\":\"https:\/\/femergs.com.br\/wfe\/#\/schema\/logo\/image\/\",\"url\":\"https:\/\/femergs.com.br\/wfe\/wp-content\/uploads\/2025\/06\/logotipo.png\",\"contentUrl\":\"https:\/\/femergs.com.br\/wfe\/wp-content\/uploads\/2025\/06\/logotipo.png\",\"width\":500,\"height\":500,\"caption\":\"FEMERGS\"},\"image\":{\"@id\":\"https:\/\/femergs.com.br\/wfe\/#\/schema\/logo\/image\/\"},\"sameAs\":[\"https:\/\/www.facebook.com\/profile.php?id=100057151733001\",\"https:\/\/www.instagram.com\/femergs_rs\/\"]},{\"@type\":\"Person\",\"@id\":\"https:\/\/femergs.com.br\/wfe\/#\/schema\/person\/4b3af19a984e10c0c238865d19a18861\",\"name\":\"miriam\",\"image\":{\"@type\":\"ImageObject\",\"inLanguage\":\"pt-BR\",\"@id\":\"https:\/\/femergs.com.br\/wfe\/#\/schema\/person\/image\/\",\"url\":\"https:\/\/secure.gravatar.com\/avatar\/99e0219887272b5886d5bfee4d4769a4ddd6a5dbbff08bfc7638bfdc246689f1?s=96&d=mm&r=g\",\"contentUrl\":\"https:\/\/secure.gravatar.com\/avatar\/99e0219887272b5886d5bfee4d4769a4ddd6a5dbbff08bfc7638bfdc246689f1?s=96&d=mm&r=g\",\"caption\":\"miriam\"},\"url\":\"https:\/\/femergs.com.br\/wfe\/blog\/author\/miriam\/\"}]}<\/script>\n<!-- \/ Yoast SEO plugin. -->","yoast_head_json":{"title":"Fala da Presidente Clarice no dia 17 na C\u00e2mara de Vereadores de Santa Rosa em defesa do Piso Nacional do Magist\u00e9rio. - Federa\u00e7\u00e3o dos Municip\u00e1rios do Estado do Rio Grande do Sul","robots":{"index":"index","follow":"follow","max-snippet":"max-snippet:-1","max-image-preview":"max-image-preview:large","max-video-preview":"max-video-preview:-1"},"canonical":"https:\/\/femergs.com.br\/wfe\/blog\/fala-da-presidente-clarice-no-dia-17-na-camara-de-vereadores-de-santa-rosa-em-defesa-do-piso-nacional-do-magisterio\/","og_locale":"pt_BR","og_type":"article","og_title":"Fala da Presidente Clarice no dia 17 na C\u00e2mara de Vereadores de Santa Rosa em defesa do Piso Nacional do Magist\u00e9rio. - Federa\u00e7\u00e3o dos Municip\u00e1rios do Estado do Rio Grande do Sul","og_description":"Bom dia!Quero registrar minha gratid\u00e3o pela presen\u00e7a e atua\u00e7\u00e3o da nossa presidente Clarice na noite de ontem. Sua postura firme e brilhante fez muitos pol\u00edticos repensarem suas atitudes e encheu de orgulho todos os servidores que representa. Um verdadeiro exemplo de lideran\u00e7a e coragem!","og_url":"https:\/\/femergs.com.br\/wfe\/blog\/fala-da-presidente-clarice-no-dia-17-na-camara-de-vereadores-de-santa-rosa-em-defesa-do-piso-nacional-do-magisterio\/","og_site_name":"Federa\u00e7\u00e3o dos Municip\u00e1rios do Estado do Rio Grande do Sul","article_publisher":"https:\/\/www.facebook.com\/profile.php?id=100057151733001","article_published_time":"2025-09-18T14:16:11+00:00","article_modified_time":"2025-09-18T14:17:30+00:00","og_image":[{"width":972,"height":1296,"url":"https:\/\/femergs.com.br\/wfe\/wp-content\/uploads\/2025\/09\/548296221_1327544449160600_667304587583576403_n.webp","type":"image\/jpeg"}],"author":"miriam","twitter_card":"summary_large_image","twitter_misc":{"Escrito por":"miriam","Est. tempo de leitura":"1 minuto"},"schema":{"@context":"https:\/\/schema.org","@graph":[{"@type":"Article","@id":"https:\/\/femergs.com.br\/wfe\/blog\/fala-da-presidente-clarice-no-dia-17-na-camara-de-vereadores-de-santa-rosa-em-defesa-do-piso-nacional-do-magisterio\/#article","isPartOf":{"@id":"https:\/\/femergs.com.br\/wfe\/blog\/fala-da-presidente-clarice-no-dia-17-na-camara-de-vereadores-de-santa-rosa-em-defesa-do-piso-nacional-do-magisterio\/"},"author":{"name":"miriam","@id":"https:\/\/femergs.com.br\/wfe\/#\/schema\/person\/4b3af19a984e10c0c238865d19a18861"},"headline":"Fala da Presidente Clarice no dia 17 na C\u00e2mara de Vereadores de Santa Rosa em defesa do Piso Nacional do Magist\u00e9rio.","datePublished":"2025-09-18T14:16:11+00:00","dateModified":"2025-09-18T14:17:30+00:00","mainEntityOfPage":{"@id":"https:\/\/femergs.com.br\/wfe\/blog\/fala-da-presidente-clarice-no-dia-17-na-camara-de-vereadores-de-santa-rosa-em-defesa-do-piso-nacional-do-magisterio\/"},"wordCount":80,"commentCount":0,"publisher":{"@id":"https:\/\/femergs.com.br\/wfe\/#organization"},"image":{"@id":"https:\/\/femergs.com.br\/wfe\/blog\/fala-da-presidente-clarice-no-dia-17-na-camara-de-vereadores-de-santa-rosa-em-defesa-do-piso-nacional-do-magisterio\/#primaryimage"},"thumbnailUrl":"https:\/\/femergs.com.br\/wfe\/wp-content\/uploads\/2025\/09\/548296221_1327544449160600_667304587583576403_n.webp","articleSection":["Educa\u00e7\u00e3o","Not\u00edcias Gerais"],"inLanguage":"pt-BR","potentialAction":[{"@type":"CommentAction","name":"Comment","target":["https:\/\/femergs.com.br\/wfe\/blog\/fala-da-presidente-clarice-no-dia-17-na-camara-de-vereadores-de-santa-rosa-em-defesa-do-piso-nacional-do-magisterio\/#respond"]}]},{"@type":"WebPage","@id":"https:\/\/femergs.com.br\/wfe\/blog\/fala-da-presidente-clarice-no-dia-17-na-camara-de-vereadores-de-santa-rosa-em-defesa-do-piso-nacional-do-magisterio\/","url":"https:\/\/femergs.com.br\/wfe\/blog\/fala-da-presidente-clarice-no-dia-17-na-camara-de-vereadores-de-santa-rosa-em-defesa-do-piso-nacional-do-magisterio\/","name":"Fala da Presidente Clarice no dia 17 na C\u00e2mara de Vereadores de Santa Rosa em defesa do Piso Nacional do Magist\u00e9rio. - Federa\u00e7\u00e3o dos Municip\u00e1rios do Estado do Rio Grande do Sul","isPartOf":{"@id":"https:\/\/femergs.com.br\/wfe\/#website"},"primaryImageOfPage":{"@id":"https:\/\/femergs.com.br\/wfe\/blog\/fala-da-presidente-clarice-no-dia-17-na-camara-de-vereadores-de-santa-rosa-em-defesa-do-piso-nacional-do-magisterio\/#primaryimage"},"image":{"@id":"https:\/\/femergs.com.br\/wfe\/blog\/fala-da-presidente-clarice-no-dia-17-na-camara-de-vereadores-de-santa-rosa-em-defesa-do-piso-nacional-do-magisterio\/#primaryimage"},"thumbnailUrl":"https:\/\/femergs.com.br\/wfe\/wp-content\/uploads\/2025\/09\/548296221_1327544449160600_667304587583576403_n.webp","datePublished":"2025-09-18T14:16:11+00:00","dateModified":"2025-09-18T14:17:30+00:00","breadcrumb":{"@id":"https:\/\/femergs.com.br\/wfe\/blog\/fala-da-presidente-clarice-no-dia-17-na-camara-de-vereadores-de-santa-rosa-em-defesa-do-piso-nacional-do-magisterio\/#breadcrumb"},"inLanguage":"pt-BR","potentialAction":[{"@type":"ReadAction","target":["https:\/\/femergs.com.br\/wfe\/blog\/fala-da-presidente-clarice-no-dia-17-na-camara-de-vereadores-de-santa-rosa-em-defesa-do-piso-nacional-do-magisterio\/"]}]},{"@type":"ImageObject","inLanguage":"pt-BR","@id":"https:\/\/femergs.com.br\/wfe\/blog\/fala-da-presidente-clarice-no-dia-17-na-camara-de-vereadores-de-santa-rosa-em-defesa-do-piso-nacional-do-magisterio\/#primaryimage","url":"https:\/\/femergs.com.br\/wfe\/wp-content\/uploads\/2025\/09\/548296221_1327544449160600_667304587583576403_n.webp","contentUrl":"https:\/\/femergs.com.br\/wfe\/wp-content\/uploads\/2025\/09\/548296221_1327544449160600_667304587583576403_n.webp","width":972,"height":1296},{"@type":"BreadcrumbList","@id":"https:\/\/femergs.com.br\/wfe\/blog\/fala-da-presidente-clarice-no-dia-17-na-camara-de-vereadores-de-santa-rosa-em-defesa-do-piso-nacional-do-magisterio\/#breadcrumb","itemListElement":[{"@type":"ListItem","position":1,"name":"In\u00edcio","item":"https:\/\/femergs.com.br\/wfe\/"},{"@type":"ListItem","position":2,"name":"Fala da Presidente Clarice no dia 17 na C\u00e2mara de Vereadores de Santa Rosa em defesa do Piso Nacional do Magist\u00e9rio."}]},{"@type":"WebSite","@id":"https:\/\/femergs.com.br\/wfe\/#website","url":"https:\/\/femergs.com.br\/wfe\/","name":"FEMERGS","description":"FEDERA\u00c7\u00c3O DOS MUNICIP\u00c1RIOS DO ESTADO DO RIO GRANDE DO SUL","publisher":{"@id":"https:\/\/femergs.com.br\/wfe\/#organization"},"potentialAction":[{"@type":"SearchAction","target":{"@type":"EntryPoint","urlTemplate":"https:\/\/femergs.com.br\/wfe\/?s={search_term_string}"},"query-input":{"@type":"PropertyValueSpecification","valueRequired":true,"valueName":"search_term_string"}}],"inLanguage":"pt-BR"},{"@type":"Organization","@id":"https:\/\/femergs.com.br\/wfe\/#organization","name":"FEMERGS","url":"https:\/\/femergs.com.br\/wfe\/","logo":{"@type":"ImageObject","inLanguage":"pt-BR","@id":"https:\/\/femergs.com.br\/wfe\/#\/schema\/logo\/image\/","url":"https:\/\/femergs.com.br\/wfe\/wp-content\/uploads\/2025\/06\/logotipo.png","contentUrl":"https:\/\/femergs.com.br\/wfe\/wp-content\/uploads\/2025\/06\/logotipo.png","width":500,"height":500,"caption":"FEMERGS"},"image":{"@id":"https:\/\/femergs.com.br\/wfe\/#\/schema\/logo\/image\/"},"sameAs":["https:\/\/www.facebook.com\/profile.php?id=100057151733001","https:\/\/www.instagram.com\/femergs_rs\/"]},{"@type":"Person","@id":"https:\/\/femergs.com.br\/wfe\/#\/schema\/person\/4b3af19a984e10c0c238865d19a18861","name":"miriam","image":{"@type":"ImageObject","inLanguage":"pt-BR","@id":"https:\/\/femergs.com.br\/wfe\/#\/schema\/person\/image\/","url":"https:\/\/secure.gravatar.com\/avatar\/99e0219887272b5886d5bfee4d4769a4ddd6a5dbbff08bfc7638bfdc246689f1?s=96&d=mm&r=g","contentUrl":"https:\/\/secure.gravatar.com\/avatar\/99e0219887272b5886d5bfee4d4769a4ddd6a5dbbff08bfc7638bfdc246689f1?s=96&d=mm&r=g","caption":"miriam"},"url":"https:\/\/femergs.com.br\/wfe\/blog\/author\/miriam\/"}]}},"uagb_featured_image_src":{"full":["https:\/\/femergs.com.br\/wfe\/wp-content\/uploads\/2025\/09\/548296221_1327544449160600_667304587583576403_n.webp",972,1296,false],"thumbnail":["https:\/\/femergs.com.br\/wfe\/wp-content\/uploads\/2025\/09\/548296221_1327544449160600_667304587583576403_n-150x150.webp",150,150,true],"medium":["https:\/\/femergs.com.br\/wfe\/wp-content\/uploads\/2025\/09\/548296221_1327544449160600_667304587583576403_n-225x300.webp",225,300,true],"medium_large":["https:\/\/femergs.com.br\/wfe\/wp-content\/uploads\/2025\/09\/548296221_1327544449160600_667304587583576403_n-768x1024.webp",768,1024,true],"large":["https:\/\/femergs.com.br\/wfe\/wp-content\/uploads\/2025\/09\/548296221_1327544449160600_667304587583576403_n-768x1024.webp",768,1024,true],"1536x1536":["https:\/\/femergs.com.br\/wfe\/wp-content\/uploads\/2025\/09\/548296221_1327544449160600_667304587583576403_n.webp",972,1296,false],"2048x2048":["https:\/\/femergs.com.br\/wfe\/wp-content\/uploads\/2025\/09\/548296221_1327544449160600_667304587583576403_n.webp",972,1296,false],"ultp_layout_landscape_large":["https:\/\/femergs.com.br\/wfe\/wp-content\/uploads\/2025\/09\/548296221_1327544449160600_667304587583576403_n-972x800.webp",972,800,true],"ultp_layout_landscape":["https:\/\/femergs.com.br\/wfe\/wp-content\/uploads\/2025\/09\/548296221_1327544449160600_667304587583576403_n-870x570.webp",870,570,true],"ultp_layout_portrait":["https:\/\/femergs.com.br\/wfe\/wp-content\/uploads\/2025\/09\/548296221_1327544449160600_667304587583576403_n-600x900.webp",600,900,true],"ultp_layout_square":["https:\/\/femergs.com.br\/wfe\/wp-content\/uploads\/2025\/09\/548296221_1327544449160600_667304587583576403_n-600x600.webp",600,600,true]},"uagb_author_info":{"display_name":"miriam","author_link":"https:\/\/femergs.com.br\/wfe\/blog\/author\/miriam\/"},"uagb_comment_info":0,"uagb_excerpt":"Bom dia!Quero registrar minha gratid\u00e3o pela presen\u00e7a e atua\u00e7\u00e3o da nossa presidente Clarice na noite de ontem. Sua postura firme e brilhante fez muitos pol\u00edticos repensarem suas atitudes e encheu de orgulho todos os servidores que representa. Um verdadeiro exemplo de lideran\u00e7a e coragem!","_links":{"self":[{"href":"https:\/\/femergs.com.br\/wfe\/wp-json\/wp\/v2\/posts\/1663","targetHints":{"allow":["GET"]}}],"collection":[{"href":"https:\/\/femergs.com.br\/wfe\/wp-json\/wp\/v2\/posts"}],"about":[{"href":"https:\/\/femergs.com.br\/wfe\/wp-json\/wp\/v2\/types\/post"}],"author":[{"embeddable":true,"href":"https:\/\/femergs.com.br\/wfe\/wp-json\/wp\/v2\/users\/3"}],"replies":[{"embeddable":true,"href":"https:\/\/femergs.com.br\/wfe\/wp-json\/wp\/v2\/comments?post=1663"}],"version-history":[{"count":1,"href":"https:\/\/femergs.com.br\/wfe\/wp-json\/wp\/v2\/posts\/1663\/revisions"}],"predecessor-version":[{"id":1665,"href":"https:\/\/femergs.com.br\/wfe\/wp-json\/wp\/v2\/posts\/1663\/revisions\/1665"}],"wp:featuredmedia":[{"embeddable":true,"href":"https:\/\/femergs.com.br\/wfe\/wp-json\/wp\/v2\/media\/1664"}],"wp:attachment":[{"href":"https:\/\/femergs.com.br\/wfe\/wp-json\/wp\/v2\/media?parent=1663"}],"wp:term":[{"taxonomy":"category","embeddable":true,"href":"https:\/\/femergs.com.br\/wfe\/wp-json\/wp\/v2\/categories?post=1663"},{"taxonomy":"post_tag","embeddable":true,"href":"https:\/\/femergs.com.br\/wfe\/wp-json\/wp\/v2\/tags?post=1663"}],"curies":[{"name":"wp","href":"https:\/\/api.w.org\/{rel}","templated":true}]}}