{"id":1666,"date":"2025-09-18T17:56:21","date_gmt":"2025-09-18T17:56:21","guid":{"rendered":"https:\/\/femergs.com.br\/wfe\/?p=1666"},"modified":"2025-09-18T17:56:22","modified_gmt":"2025-09-18T17:56:22","slug":"9o-seminario-educacao-em-foco-neuza-bechorner-e-clarice-mainardi-10-09-25","status":"publish","type":"post","link":"https:\/\/femergs.com.br\/wfe\/blog\/9o-seminario-educacao-em-foco-neuza-bechorner-e-clarice-mainardi-10-09-25\/","title":{"rendered":"9\u00ba Semin\u00e1rio Educa\u00e7\u00e3o em Foco &#8211; Neuza Bechorner e Clarice Mainardi &#8211; 10\/09\/25"},"content":{"rendered":"\n<figure class=\"wp-block-embed is-type-video is-provider-youtube wp-block-embed-youtube wp-embed-aspect-16-9 wp-has-aspect-ratio\"><div class=\"wp-block-embed__wrapper\">\n<iframe loading=\"lazy\" title=\"9\u00ba Semin\u00e1rio Educa\u00e7\u00e3o em Foco - Neuza Bechorner e Clarice Mainardi - 10\/09\/25\" width=\"500\" height=\"281\" src=\"https:\/\/www.youtube.com\/embed\/RJBQnhVnR0U?feature=oembed\" frameborder=\"0\" allow=\"accelerometer; autoplay; clipboard-write; encrypted-media; gyroscope; picture-in-picture; web-share\" referrerpolicy=\"strict-origin-when-cross-origin\" allowfullscreen><\/iframe>\n<\/div><\/figure>\n","protected":false},"excerpt":{"rendered":"","protected":false},"author":3,"featured_media":1667,"comment_status":"open","ping_status":"open","sticky":false,"template":"","format":"standard","meta":{"_eb_attr":"","_uag_custom_page_level_css":"","fifu_image_url":"","fifu_image_alt":"","footnotes":""},"categories":[30,7],"tags":[],"class_list":["post-1666","post","type-post","status-publish","format-standard","has-post-thumbnail","hentry","category-educacao","category-noticias"],"yoast_head":"<!-- This site is optimized with the Yoast SEO plugin v27.1.1 - https:\/\/yoast.com\/product\/yoast-seo-wordpress\/ -->\n<title>9\u00ba Semin\u00e1rio Educa\u00e7\u00e3o em Foco - Neuza Bechorner e Clarice Mainardi - 10\/09\/25 - Federa\u00e7\u00e3o dos Municip\u00e1rios do Estado do Rio Grande do Sul<\/title>\n<meta name=\"robots\" content=\"index, follow, max-snippet:-1, max-image-preview:large, max-video-preview:-1\" \/>\n<link rel=\"canonical\" href=\"https:\/\/femergs.com.br\/wfe\/blog\/9o-seminario-educacao-em-foco-neuza-bechorner-e-clarice-mainardi-10-09-25\/\" \/>\n<meta property=\"og:locale\" content=\"pt_BR\" \/>\n<meta property=\"og:type\" content=\"article\" \/>\n<meta property=\"og:title\" content=\"9\u00ba Semin\u00e1rio Educa\u00e7\u00e3o em Foco - Neuza Bechorner e Clarice Mainardi - 10\/09\/25 - Federa\u00e7\u00e3o dos Municip\u00e1rios do Estado do Rio Grande do Sul\" \/>\n<meta property=\"og:url\" content=\"https:\/\/femergs.com.br\/wfe\/blog\/9o-seminario-educacao-em-foco-neuza-bechorner-e-clarice-mainardi-10-09-25\/\" \/>\n<meta property=\"og:site_name\" content=\"Federa\u00e7\u00e3o dos Municip\u00e1rios do Estado do Rio Grande do Sul\" \/>\n<meta property=\"article:publisher\" content=\"https:\/\/www.facebook.com\/profile.php?id=100057151733001\" \/>\n<meta property=\"article:published_time\" content=\"2025-09-18T17:56:21+00:00\" \/>\n<meta property=\"article:modified_time\" content=\"2025-09-18T17:56:22+00:00\" \/>\n<meta property=\"og:image\" content=\"https:\/\/femergs.com.br\/wfe\/wp-content\/uploads\/2025\/09\/WhatsApp-Image-2025-09-18-at-14.55.40.webp\" \/>\n\t<meta property=\"og:image:width\" content=\"998\" \/>\n\t<meta property=\"og:image:height\" content=\"561\" \/>\n\t<meta property=\"og:image:type\" content=\"image\/jpeg\" \/>\n<meta name=\"author\" content=\"miriam\" \/>\n<meta name=\"twitter:card\" content=\"summary_large_image\" \/>\n<meta name=\"twitter:label1\" content=\"Escrito por\" \/>\n\t<meta name=\"twitter:data1\" content=\"miriam\" \/>\n\t<meta name=\"twitter:label2\" content=\"Est. tempo de leitura\" \/>\n\t<meta name=\"twitter:data2\" content=\"1 minuto\" \/>\n<script type=\"application\/ld+json\" class=\"yoast-schema-graph\">{\"@context\":\"https:\/\/schema.org\",\"@graph\":[{\"@type\":\"Article\",\"@id\":\"https:\/\/femergs.com.br\/wfe\/blog\/9o-seminario-educacao-em-foco-neuza-bechorner-e-clarice-mainardi-10-09-25\/#article\",\"isPartOf\":{\"@id\":\"https:\/\/femergs.com.br\/wfe\/blog\/9o-seminario-educacao-em-foco-neuza-bechorner-e-clarice-mainardi-10-09-25\/\"},\"author\":{\"name\":\"miriam\",\"@id\":\"https:\/\/femergs.com.br\/wfe\/#\/schema\/person\/4b3af19a984e10c0c238865d19a18861\"},\"headline\":\"9\u00ba Semin\u00e1rio Educa\u00e7\u00e3o em Foco &#8211; Neuza Bechorner e Clarice Mainardi &#8211; 10\/09\/25\",\"datePublished\":\"2025-09-18T17:56:21+00:00\",\"dateModified\":\"2025-09-18T17:56:22+00:00\",\"mainEntityOfPage\":{\"@id\":\"https:\/\/femergs.com.br\/wfe\/blog\/9o-seminario-educacao-em-foco-neuza-bechorner-e-clarice-mainardi-10-09-25\/\"},\"wordCount\":20,\"commentCount\":0,\"publisher\":{\"@id\":\"https:\/\/femergs.com.br\/wfe\/#organization\"},\"image\":{\"@id\":\"https:\/\/femergs.com.br\/wfe\/blog\/9o-seminario-educacao-em-foco-neuza-bechorner-e-clarice-mainardi-10-09-25\/#primaryimage\"},\"thumbnailUrl\":\"https:\/\/femergs.com.br\/wfe\/wp-content\/uploads\/2025\/09\/WhatsApp-Image-2025-09-18-at-14.55.40.webp\",\"articleSection\":[\"Educa\u00e7\u00e3o\",\"Not\u00edcias Gerais\"],\"inLanguage\":\"pt-BR\",\"potentialAction\":[{\"@type\":\"CommentAction\",\"name\":\"Comment\",\"target\":[\"https:\/\/femergs.com.br\/wfe\/blog\/9o-seminario-educacao-em-foco-neuza-bechorner-e-clarice-mainardi-10-09-25\/#respond\"]}]},{\"@type\":\"WebPage\",\"@id\":\"https:\/\/femergs.com.br\/wfe\/blog\/9o-seminario-educacao-em-foco-neuza-bechorner-e-clarice-mainardi-10-09-25\/\",\"url\":\"https:\/\/femergs.com.br\/wfe\/blog\/9o-seminario-educacao-em-foco-neuza-bechorner-e-clarice-mainardi-10-09-25\/\",\"name\":\"9\u00ba Semin\u00e1rio Educa\u00e7\u00e3o em Foco - Neuza Bechorner e Clarice Mainardi - 10\/09\/25 - Federa\u00e7\u00e3o dos Municip\u00e1rios do Estado do Rio Grande do Sul\",\"isPartOf\":{\"@id\":\"https:\/\/femergs.com.br\/wfe\/#website\"},\"primaryImageOfPage\":{\"@id\":\"https:\/\/femergs.com.br\/wfe\/blog\/9o-seminario-educacao-em-foco-neuza-bechorner-e-clarice-mainardi-10-09-25\/#primaryimage\"},\"image\":{\"@id\":\"https:\/\/femergs.com.br\/wfe\/blog\/9o-seminario-educacao-em-foco-neuza-bechorner-e-clarice-mainardi-10-09-25\/#primaryimage\"},\"thumbnailUrl\":\"https:\/\/femergs.com.br\/wfe\/wp-content\/uploads\/2025\/09\/WhatsApp-Image-2025-09-18-at-14.55.40.webp\",\"datePublished\":\"2025-09-18T17:56:21+00:00\",\"dateModified\":\"2025-09-18T17:56:22+00:00\",\"breadcrumb\":{\"@id\":\"https:\/\/femergs.com.br\/wfe\/blog\/9o-seminario-educacao-em-foco-neuza-bechorner-e-clarice-mainardi-10-09-25\/#breadcrumb\"},\"inLanguage\":\"pt-BR\",\"potentialAction\":[{\"@type\":\"ReadAction\",\"target\":[\"https:\/\/femergs.com.br\/wfe\/blog\/9o-seminario-educacao-em-foco-neuza-bechorner-e-clarice-mainardi-10-09-25\/\"]}]},{\"@type\":\"ImageObject\",\"inLanguage\":\"pt-BR\",\"@id\":\"https:\/\/femergs.com.br\/wfe\/blog\/9o-seminario-educacao-em-foco-neuza-bechorner-e-clarice-mainardi-10-09-25\/#primaryimage\",\"url\":\"https:\/\/femergs.com.br\/wfe\/wp-content\/uploads\/2025\/09\/WhatsApp-Image-2025-09-18-at-14.55.40.webp\",\"contentUrl\":\"https:\/\/femergs.com.br\/wfe\/wp-content\/uploads\/2025\/09\/WhatsApp-Image-2025-09-18-at-14.55.40.webp\",\"width\":998,\"height\":561},{\"@type\":\"BreadcrumbList\",\"@id\":\"https:\/\/femergs.com.br\/wfe\/blog\/9o-seminario-educacao-em-foco-neuza-bechorner-e-clarice-mainardi-10-09-25\/#breadcrumb\",\"itemListElement\":[{\"@type\":\"ListItem\",\"position\":1,\"name\":\"In\u00edcio\",\"item\":\"https:\/\/femergs.com.br\/wfe\/\"},{\"@type\":\"ListItem\",\"position\":2,\"name\":\"9\u00ba Semin\u00e1rio Educa\u00e7\u00e3o em Foco &#8211; Neuza Bechorner e Clarice Mainardi &#8211; 10\/09\/25\"}]},{\"@type\":\"WebSite\",\"@id\":\"https:\/\/femergs.com.br\/wfe\/#website\",\"url\":\"https:\/\/femergs.com.br\/wfe\/\",\"name\":\"FEMERGS\",\"description\":\"FEDERA\u00c7\u00c3O DOS MUNICIP\u00c1RIOS DO ESTADO DO RIO GRANDE DO SUL\",\"publisher\":{\"@id\":\"https:\/\/femergs.com.br\/wfe\/#organization\"},\"potentialAction\":[{\"@type\":\"SearchAction\",\"target\":{\"@type\":\"EntryPoint\",\"urlTemplate\":\"https:\/\/femergs.com.br\/wfe\/?s={search_term_string}\"},\"query-input\":{\"@type\":\"PropertyValueSpecification\",\"valueRequired\":true,\"valueName\":\"search_term_string\"}}],\"inLanguage\":\"pt-BR\"},{\"@type\":\"Organization\",\"@id\":\"https:\/\/femergs.com.br\/wfe\/#organization\",\"name\":\"FEMERGS\",\"url\":\"https:\/\/femergs.com.br\/wfe\/\",\"logo\":{\"@type\":\"ImageObject\",\"inLanguage\":\"pt-BR\",\"@id\":\"https:\/\/femergs.com.br\/wfe\/#\/schema\/logo\/image\/\",\"url\":\"https:\/\/femergs.com.br\/wfe\/wp-content\/uploads\/2025\/06\/logotipo.png\",\"contentUrl\":\"https:\/\/femergs.com.br\/wfe\/wp-content\/uploads\/2025\/06\/logotipo.png\",\"width\":500,\"height\":500,\"caption\":\"FEMERGS\"},\"image\":{\"@id\":\"https:\/\/femergs.com.br\/wfe\/#\/schema\/logo\/image\/\"},\"sameAs\":[\"https:\/\/www.facebook.com\/profile.php?id=100057151733001\",\"https:\/\/www.instagram.com\/femergs_rs\/\"]},{\"@type\":\"Person\",\"@id\":\"https:\/\/femergs.com.br\/wfe\/#\/schema\/person\/4b3af19a984e10c0c238865d19a18861\",\"name\":\"miriam\",\"image\":{\"@type\":\"ImageObject\",\"inLanguage\":\"pt-BR\",\"@id\":\"https:\/\/femergs.com.br\/wfe\/#\/schema\/person\/image\/\",\"url\":\"https:\/\/secure.gravatar.com\/avatar\/99e0219887272b5886d5bfee4d4769a4ddd6a5dbbff08bfc7638bfdc246689f1?s=96&d=mm&r=g\",\"contentUrl\":\"https:\/\/secure.gravatar.com\/avatar\/99e0219887272b5886d5bfee4d4769a4ddd6a5dbbff08bfc7638bfdc246689f1?s=96&d=mm&r=g\",\"caption\":\"miriam\"},\"url\":\"https:\/\/femergs.com.br\/wfe\/blog\/author\/miriam\/\"}]}<\/script>\n<!-- \/ Yoast SEO plugin. -->","yoast_head_json":{"title":"9\u00ba Semin\u00e1rio Educa\u00e7\u00e3o em Foco - Neuza Bechorner e Clarice Mainardi - 10\/09\/25 - Federa\u00e7\u00e3o dos Municip\u00e1rios do Estado do Rio Grande do Sul","robots":{"index":"index","follow":"follow","max-snippet":"max-snippet:-1","max-image-preview":"max-image-preview:large","max-video-preview":"max-video-preview:-1"},"canonical":"https:\/\/femergs.com.br\/wfe\/blog\/9o-seminario-educacao-em-foco-neuza-bechorner-e-clarice-mainardi-10-09-25\/","og_locale":"pt_BR","og_type":"article","og_title":"9\u00ba Semin\u00e1rio Educa\u00e7\u00e3o em Foco - Neuza Bechorner e Clarice Mainardi - 10\/09\/25 - Federa\u00e7\u00e3o dos Municip\u00e1rios do Estado do Rio Grande do Sul","og_url":"https:\/\/femergs.com.br\/wfe\/blog\/9o-seminario-educacao-em-foco-neuza-bechorner-e-clarice-mainardi-10-09-25\/","og_site_name":"Federa\u00e7\u00e3o dos Municip\u00e1rios do Estado do Rio Grande do Sul","article_publisher":"https:\/\/www.facebook.com\/profile.php?id=100057151733001","article_published_time":"2025-09-18T17:56:21+00:00","article_modified_time":"2025-09-18T17:56:22+00:00","og_image":[{"width":998,"height":561,"url":"https:\/\/femergs.com.br\/wfe\/wp-content\/uploads\/2025\/09\/WhatsApp-Image-2025-09-18-at-14.55.40.webp","type":"image\/jpeg"}],"author":"miriam","twitter_card":"summary_large_image","twitter_misc":{"Escrito por":"miriam","Est. tempo de leitura":"1 minuto"},"schema":{"@context":"https:\/\/schema.org","@graph":[{"@type":"Article","@id":"https:\/\/femergs.com.br\/wfe\/blog\/9o-seminario-educacao-em-foco-neuza-bechorner-e-clarice-mainardi-10-09-25\/#article","isPartOf":{"@id":"https:\/\/femergs.com.br\/wfe\/blog\/9o-seminario-educacao-em-foco-neuza-bechorner-e-clarice-mainardi-10-09-25\/"},"author":{"name":"miriam","@id":"https:\/\/femergs.com.br\/wfe\/#\/schema\/person\/4b3af19a984e10c0c238865d19a18861"},"headline":"9\u00ba Semin\u00e1rio Educa\u00e7\u00e3o em Foco &#8211; Neuza Bechorner e Clarice Mainardi &#8211; 10\/09\/25","datePublished":"2025-09-18T17:56:21+00:00","dateModified":"2025-09-18T17:56:22+00:00","mainEntityOfPage":{"@id":"https:\/\/femergs.com.br\/wfe\/blog\/9o-seminario-educacao-em-foco-neuza-bechorner-e-clarice-mainardi-10-09-25\/"},"wordCount":20,"commentCount":0,"publisher":{"@id":"https:\/\/femergs.com.br\/wfe\/#organization"},"image":{"@id":"https:\/\/femergs.com.br\/wfe\/blog\/9o-seminario-educacao-em-foco-neuza-bechorner-e-clarice-mainardi-10-09-25\/#primaryimage"},"thumbnailUrl":"https:\/\/femergs.com.br\/wfe\/wp-content\/uploads\/2025\/09\/WhatsApp-Image-2025-09-18-at-14.55.40.webp","articleSection":["Educa\u00e7\u00e3o","Not\u00edcias Gerais"],"inLanguage":"pt-BR","potentialAction":[{"@type":"CommentAction","name":"Comment","target":["https:\/\/femergs.com.br\/wfe\/blog\/9o-seminario-educacao-em-foco-neuza-bechorner-e-clarice-mainardi-10-09-25\/#respond"]}]},{"@type":"WebPage","@id":"https:\/\/femergs.com.br\/wfe\/blog\/9o-seminario-educacao-em-foco-neuza-bechorner-e-clarice-mainardi-10-09-25\/","url":"https:\/\/femergs.com.br\/wfe\/blog\/9o-seminario-educacao-em-foco-neuza-bechorner-e-clarice-mainardi-10-09-25\/","name":"9\u00ba Semin\u00e1rio Educa\u00e7\u00e3o em Foco - Neuza Bechorner e Clarice Mainardi - 10\/09\/25 - Federa\u00e7\u00e3o dos Municip\u00e1rios do Estado do Rio Grande do Sul","isPartOf":{"@id":"https:\/\/femergs.com.br\/wfe\/#website"},"primaryImageOfPage":{"@id":"https:\/\/femergs.com.br\/wfe\/blog\/9o-seminario-educacao-em-foco-neuza-bechorner-e-clarice-mainardi-10-09-25\/#primaryimage"},"image":{"@id":"https:\/\/femergs.com.br\/wfe\/blog\/9o-seminario-educacao-em-foco-neuza-bechorner-e-clarice-mainardi-10-09-25\/#primaryimage"},"thumbnailUrl":"https:\/\/femergs.com.br\/wfe\/wp-content\/uploads\/2025\/09\/WhatsApp-Image-2025-09-18-at-14.55.40.webp","datePublished":"2025-09-18T17:56:21+00:00","dateModified":"2025-09-18T17:56:22+00:00","breadcrumb":{"@id":"https:\/\/femergs.com.br\/wfe\/blog\/9o-seminario-educacao-em-foco-neuza-bechorner-e-clarice-mainardi-10-09-25\/#breadcrumb"},"inLanguage":"pt-BR","potentialAction":[{"@type":"ReadAction","target":["https:\/\/femergs.com.br\/wfe\/blog\/9o-seminario-educacao-em-foco-neuza-bechorner-e-clarice-mainardi-10-09-25\/"]}]},{"@type":"ImageObject","inLanguage":"pt-BR","@id":"https:\/\/femergs.com.br\/wfe\/blog\/9o-seminario-educacao-em-foco-neuza-bechorner-e-clarice-mainardi-10-09-25\/#primaryimage","url":"https:\/\/femergs.com.br\/wfe\/wp-content\/uploads\/2025\/09\/WhatsApp-Image-2025-09-18-at-14.55.40.webp","contentUrl":"https:\/\/femergs.com.br\/wfe\/wp-content\/uploads\/2025\/09\/WhatsApp-Image-2025-09-18-at-14.55.40.webp","width":998,"height":561},{"@type":"BreadcrumbList","@id":"https:\/\/femergs.com.br\/wfe\/blog\/9o-seminario-educacao-em-foco-neuza-bechorner-e-clarice-mainardi-10-09-25\/#breadcrumb","itemListElement":[{"@type":"ListItem","position":1,"name":"In\u00edcio","item":"https:\/\/femergs.com.br\/wfe\/"},{"@type":"ListItem","position":2,"name":"9\u00ba Semin\u00e1rio Educa\u00e7\u00e3o em Foco &#8211; Neuza Bechorner e Clarice Mainardi &#8211; 10\/09\/25"}]},{"@type":"WebSite","@id":"https:\/\/femergs.com.br\/wfe\/#website","url":"https:\/\/femergs.com.br\/wfe\/","name":"FEMERGS","description":"FEDERA\u00c7\u00c3O DOS MUNICIP\u00c1RIOS DO ESTADO DO RIO GRANDE DO SUL","publisher":{"@id":"https:\/\/femergs.com.br\/wfe\/#organization"},"potentialAction":[{"@type":"SearchAction","target":{"@type":"EntryPoint","urlTemplate":"https:\/\/femergs.com.br\/wfe\/?s={search_term_string}"},"query-input":{"@type":"PropertyValueSpecification","valueRequired":true,"valueName":"search_term_string"}}],"inLanguage":"pt-BR"},{"@type":"Organization","@id":"https:\/\/femergs.com.br\/wfe\/#organization","name":"FEMERGS","url":"https:\/\/femergs.com.br\/wfe\/","logo":{"@type":"ImageObject","inLanguage":"pt-BR","@id":"https:\/\/femergs.com.br\/wfe\/#\/schema\/logo\/image\/","url":"https:\/\/femergs.com.br\/wfe\/wp-content\/uploads\/2025\/06\/logotipo.png","contentUrl":"https:\/\/femergs.com.br\/wfe\/wp-content\/uploads\/2025\/06\/logotipo.png","width":500,"height":500,"caption":"FEMERGS"},"image":{"@id":"https:\/\/femergs.com.br\/wfe\/#\/schema\/logo\/image\/"},"sameAs":["https:\/\/www.facebook.com\/profile.php?id=100057151733001","https:\/\/www.instagram.com\/femergs_rs\/"]},{"@type":"Person","@id":"https:\/\/femergs.com.br\/wfe\/#\/schema\/person\/4b3af19a984e10c0c238865d19a18861","name":"miriam","image":{"@type":"ImageObject","inLanguage":"pt-BR","@id":"https:\/\/femergs.com.br\/wfe\/#\/schema\/person\/image\/","url":"https:\/\/secure.gravatar.com\/avatar\/99e0219887272b5886d5bfee4d4769a4ddd6a5dbbff08bfc7638bfdc246689f1?s=96&d=mm&r=g","contentUrl":"https:\/\/secure.gravatar.com\/avatar\/99e0219887272b5886d5bfee4d4769a4ddd6a5dbbff08bfc7638bfdc246689f1?s=96&d=mm&r=g","caption":"miriam"},"url":"https:\/\/femergs.com.br\/wfe\/blog\/author\/miriam\/"}]}},"uagb_featured_image_src":{"full":["https:\/\/femergs.com.br\/wfe\/wp-content\/uploads\/2025\/09\/WhatsApp-Image-2025-09-18-at-14.55.40.webp",998,561,false],"thumbnail":["https:\/\/femergs.com.br\/wfe\/wp-content\/uploads\/2025\/09\/WhatsApp-Image-2025-09-18-at-14.55.40-150x150.webp",150,150,true],"medium":["https:\/\/femergs.com.br\/wfe\/wp-content\/uploads\/2025\/09\/WhatsApp-Image-2025-09-18-at-14.55.40-300x169.webp",300,169,true],"medium_large":["https:\/\/femergs.com.br\/wfe\/wp-content\/uploads\/2025\/09\/WhatsApp-Image-2025-09-18-at-14.55.40-768x432.webp",768,432,true],"large":["https:\/\/femergs.com.br\/wfe\/wp-content\/uploads\/2025\/09\/WhatsApp-Image-2025-09-18-at-14.55.40.webp",998,561,false],"1536x1536":["https:\/\/femergs.com.br\/wfe\/wp-content\/uploads\/2025\/09\/WhatsApp-Image-2025-09-18-at-14.55.40.webp",998,561,false],"2048x2048":["https:\/\/femergs.com.br\/wfe\/wp-content\/uploads\/2025\/09\/WhatsApp-Image-2025-09-18-at-14.55.40.webp",998,561,false],"ultp_layout_landscape_large":["https:\/\/femergs.com.br\/wfe\/wp-content\/uploads\/2025\/09\/WhatsApp-Image-2025-09-18-at-14.55.40.webp",998,561,false],"ultp_layout_landscape":["https:\/\/femergs.com.br\/wfe\/wp-content\/uploads\/2025\/09\/WhatsApp-Image-2025-09-18-at-14.55.40-870x561.webp",870,561,true],"ultp_layout_portrait":["https:\/\/femergs.com.br\/wfe\/wp-content\/uploads\/2025\/09\/WhatsApp-Image-2025-09-18-at-14.55.40-600x561.webp",600,561,true],"ultp_layout_square":["https:\/\/femergs.com.br\/wfe\/wp-content\/uploads\/2025\/09\/WhatsApp-Image-2025-09-18-at-14.55.40-600x561.webp",600,561,true]},"uagb_author_info":{"display_name":"miriam","author_link":"https:\/\/femergs.com.br\/wfe\/blog\/author\/miriam\/"},"uagb_comment_info":0,"uagb_excerpt":null,"_links":{"self":[{"href":"https:\/\/femergs.com.br\/wfe\/wp-json\/wp\/v2\/posts\/1666","targetHints":{"allow":["GET"]}}],"collection":[{"href":"https:\/\/femergs.com.br\/wfe\/wp-json\/wp\/v2\/posts"}],"about":[{"href":"https:\/\/femergs.com.br\/wfe\/wp-json\/wp\/v2\/types\/post"}],"author":[{"embeddable":true,"href":"https:\/\/femergs.com.br\/wfe\/wp-json\/wp\/v2\/users\/3"}],"replies":[{"embeddable":true,"href":"https:\/\/femergs.com.br\/wfe\/wp-json\/wp\/v2\/comments?post=1666"}],"version-history":[{"count":1,"href":"https:\/\/femergs.com.br\/wfe\/wp-json\/wp\/v2\/posts\/1666\/revisions"}],"predecessor-version":[{"id":1668,"href":"https:\/\/femergs.com.br\/wfe\/wp-json\/wp\/v2\/posts\/1666\/revisions\/1668"}],"wp:featuredmedia":[{"embeddable":true,"href":"https:\/\/femergs.com.br\/wfe\/wp-json\/wp\/v2\/media\/1667"}],"wp:attachment":[{"href":"https:\/\/femergs.com.br\/wfe\/wp-json\/wp\/v2\/media?parent=1666"}],"wp:term":[{"taxonomy":"category","embeddable":true,"href":"https:\/\/femergs.com.br\/wfe\/wp-json\/wp\/v2\/categories?post=1666"},{"taxonomy":"post_tag","embeddable":true,"href":"https:\/\/femergs.com.br\/wfe\/wp-json\/wp\/v2\/tags?post=1666"}],"curies":[{"name":"wp","href":"https:\/\/api.w.org\/{rel}","templated":true}]}}