{"id":1693,"date":"2025-11-25T16:56:07","date_gmt":"2025-11-25T16:56:07","guid":{"rendered":"https:\/\/femergs.com.br\/wfe\/?p=1693"},"modified":"2025-11-25T16:56:29","modified_gmt":"2025-11-25T16:56:29","slug":"femergs-na-camara-de-ver-de-julio-de-castilhos","status":"publish","type":"post","link":"https:\/\/femergs.com.br\/wfe\/blog\/femergs-na-camara-de-ver-de-julio-de-castilhos\/","title":{"rendered":"FEMERGS NA C\u00c2MARA DE VER. DE JULIO DE CASTILHOS."},"content":{"rendered":"\n<p>Grande momento, Femergs na C\u00e2mara de Vereadores de Julio de Castilhos, encontro de pessoas incrives na defesa dos movimentos sociais e servidores municipais.<br>Parab\u00e9ns Vereadora Alice pela iniciativa, conte sempre conosco.\ud83d\ude4f\ud83c\udffe<\/p>\n\n\n\n<p>Na \u00faltima ter\u00e7a-feira, 18 de novembro de 2025, \u00e0s 18h, a C\u00e2mara de Vereadores recebeu a Roda de Conversa sobre a Reforma Administrativa, iniciativa promovida pelo nosso mandato.<br>O encontro reuniu servidores p\u00fablicos, especialistas, sindicatos, representantes da sociedade civil e contou tamb\u00e9m com a presen\u00e7a da vereadora Daiane Pigatto, fortalecendo o compromisso coletivo da Casa com o debate p\u00fablico qualificado.<br>O evento teve como prop\u00f3sito esclarecer os principais pontos da proposta de Reforma Administrativa, avaliar seus efeitos sociais, econ\u00f4micos e institucionais, al\u00e9m de ouvir diferentes perspectivas sobre o tema.<br>Entre as entidades presentes estiveram:<br>Wagner Advogados &#8211; Dr. Heverton Padilha;<br>Federa\u00e7\u00e3o dos Municip\u00e1rios do Rio Grande do Sul &#8211; Clarice In\u00eas Mainardi;<br>Sindicato dos Servidores Municipais de J\u00falio de Castilhos &#8211; Benhur Concei\u00e7\u00e3o;<br>Sindicato dos Servidores Municipais de Tupanciret\u00e3 &#8211; Hanclaire Regina Rocha Cardozo;<br>Sindicato Nacional dos Servidores Federais da Educa\u00e7\u00e3o B\u00e1sica, Profissional e Tecnol\u00f3gica &#8211; Gislaine Cogo;<br>Associa\u00e7\u00e3o dos Servidores da Universidade Federal de Santa Maria (Assufsm) &#8211; Loiva Chansis;<br>CPERS\/Sindicato &#8211; Ma\u00edra Couto;<br>Sindicato dos Comerci\u00e1rios &#8211; Luiz Henrique Muller;<br>Sindicato dos Professores Municipais de Santa Maria &#8211; Celma Pietzak.<br>O encontro foi marcado pela troca qualificada de informa\u00e7\u00f5es, relatos sobre a realidade dos munic\u00edpios e posicionamentos das categorias envolvidas. Ao final, reafirmou-se a import\u00e2ncia de manter a comunidade informada e mobilizada diante de propostas que afetem direitos coletivos e o funcionamento do Estado.<br>A atividade refor\u00e7a o compromisso do mandato com a escuta, o di\u00e1logo e a defesa do servi\u00e7o p\u00fablico como direito de todas (os).<br>Publica\u00e7\u00e3o: Facebook Alice na Luta.<br>\ud83d\udcf7B\u00e1rbara &#8211; Cpergs<\/p>\n","protected":false},"excerpt":{"rendered":"<p>Grande momento, Femergs na C\u00e2mara de Vereadores de Julio de Castilhos, encontro de pessoas incrives na defesa dos movimentos sociais e servidores municipais.Parab\u00e9ns Vereadora Alice pela iniciativa, conte sempre conosco.\ud83d\ude4f\ud83c\udffe Na \u00faltima ter\u00e7a-feira, 18 de novembro de 2025, \u00e0s 18h, a C\u00e2mara de Vereadores recebeu a Roda de Conversa sobre a Reforma Administrativa, iniciativa promovida [&hellip;]<\/p>\n","protected":false},"author":3,"featured_media":1698,"comment_status":"open","ping_status":"open","sticky":false,"template":"","format":"standard","meta":{"_eb_attr":"","_uag_custom_page_level_css":"","fifu_image_url":"","fifu_image_alt":"","footnotes":""},"categories":[7],"tags":[19,8,10,28],"class_list":["post-1693","post","type-post","status-publish","format-standard","has-post-thumbnail","hentry","category-noticias","tag-femergs","tag-reuniao","tag-sindical","tag-sindicato"],"yoast_head":"<!-- This site is optimized with the Yoast SEO plugin v27.1.1 - https:\/\/yoast.com\/product\/yoast-seo-wordpress\/ -->\n<title>FEMERGS NA C\u00c2MARA DE VER. DE JULIO DE CASTILHOS. - Federa\u00e7\u00e3o dos Municip\u00e1rios do Estado do Rio Grande do Sul<\/title>\n<meta name=\"robots\" content=\"index, follow, max-snippet:-1, max-image-preview:large, max-video-preview:-1\" \/>\n<link rel=\"canonical\" href=\"https:\/\/femergs.com.br\/wfe\/blog\/femergs-na-camara-de-ver-de-julio-de-castilhos\/\" \/>\n<meta property=\"og:locale\" content=\"pt_BR\" \/>\n<meta property=\"og:type\" content=\"article\" \/>\n<meta property=\"og:title\" content=\"FEMERGS NA C\u00c2MARA DE VER. DE JULIO DE CASTILHOS. - Federa\u00e7\u00e3o dos Municip\u00e1rios do Estado do Rio Grande do Sul\" \/>\n<meta property=\"og:description\" content=\"Grande momento, Femergs na C\u00e2mara de Vereadores de Julio de Castilhos, encontro de pessoas incrives na defesa dos movimentos sociais e servidores municipais.Parab\u00e9ns Vereadora Alice pela iniciativa, conte sempre conosco.\ud83d\ude4f\ud83c\udffe Na \u00faltima ter\u00e7a-feira, 18 de novembro de 2025, \u00e0s 18h, a C\u00e2mara de Vereadores recebeu a Roda de Conversa sobre a Reforma Administrativa, iniciativa promovida [&hellip;]\" \/>\n<meta property=\"og:url\" content=\"https:\/\/femergs.com.br\/wfe\/blog\/femergs-na-camara-de-ver-de-julio-de-castilhos\/\" \/>\n<meta property=\"og:site_name\" content=\"Federa\u00e7\u00e3o dos Municip\u00e1rios do Estado do Rio Grande do Sul\" \/>\n<meta property=\"article:publisher\" content=\"https:\/\/www.facebook.com\/profile.php?id=100057151733001\" \/>\n<meta property=\"article:published_time\" content=\"2025-11-25T16:56:07+00:00\" \/>\n<meta property=\"article:modified_time\" content=\"2025-11-25T16:56:29+00:00\" \/>\n<meta property=\"og:image\" content=\"https:\/\/femergs.com.br\/wfe\/wp-content\/uploads\/2025\/11\/588467100_122141566334420221_6858779991492692771_n-Copia.webp\" \/>\n\t<meta property=\"og:image:width\" content=\"2048\" \/>\n\t<meta property=\"og:image:height\" content=\"1365\" \/>\n\t<meta property=\"og:image:type\" content=\"image\/jpeg\" \/>\n<meta name=\"author\" content=\"miriam\" \/>\n<meta name=\"twitter:card\" content=\"summary_large_image\" \/>\n<meta name=\"twitter:label1\" content=\"Escrito por\" \/>\n\t<meta name=\"twitter:data1\" content=\"miriam\" \/>\n\t<meta name=\"twitter:label2\" content=\"Est. tempo de leitura\" \/>\n\t<meta name=\"twitter:data2\" content=\"2 minutos\" \/>\n<script type=\"application\/ld+json\" class=\"yoast-schema-graph\">{\"@context\":\"https:\/\/schema.org\",\"@graph\":[{\"@type\":\"Article\",\"@id\":\"https:\/\/femergs.com.br\/wfe\/blog\/femergs-na-camara-de-ver-de-julio-de-castilhos\/#article\",\"isPartOf\":{\"@id\":\"https:\/\/femergs.com.br\/wfe\/blog\/femergs-na-camara-de-ver-de-julio-de-castilhos\/\"},\"author\":{\"name\":\"miriam\",\"@id\":\"https:\/\/femergs.com.br\/wfe\/#\/schema\/person\/4b3af19a984e10c0c238865d19a18861\"},\"headline\":\"FEMERGS NA C\u00c2MARA DE VER. DE JULIO DE CASTILHOS.\",\"datePublished\":\"2025-11-25T16:56:07+00:00\",\"dateModified\":\"2025-11-25T16:56:29+00:00\",\"mainEntityOfPage\":{\"@id\":\"https:\/\/femergs.com.br\/wfe\/blog\/femergs-na-camara-de-ver-de-julio-de-castilhos\/\"},\"wordCount\":328,\"commentCount\":0,\"publisher\":{\"@id\":\"https:\/\/femergs.com.br\/wfe\/#organization\"},\"image\":{\"@id\":\"https:\/\/femergs.com.br\/wfe\/blog\/femergs-na-camara-de-ver-de-julio-de-castilhos\/#primaryimage\"},\"thumbnailUrl\":\"https:\/\/femergs.com.br\/wfe\/wp-content\/uploads\/2025\/11\/588467100_122141566334420221_6858779991492692771_n-Copia.webp\",\"keywords\":[\"femergs\",\"reuni\u00e3o\",\"sindical\",\"sindicato\"],\"articleSection\":[\"Not\u00edcias Gerais\"],\"inLanguage\":\"pt-BR\",\"potentialAction\":[{\"@type\":\"CommentAction\",\"name\":\"Comment\",\"target\":[\"https:\/\/femergs.com.br\/wfe\/blog\/femergs-na-camara-de-ver-de-julio-de-castilhos\/#respond\"]}]},{\"@type\":\"WebPage\",\"@id\":\"https:\/\/femergs.com.br\/wfe\/blog\/femergs-na-camara-de-ver-de-julio-de-castilhos\/\",\"url\":\"https:\/\/femergs.com.br\/wfe\/blog\/femergs-na-camara-de-ver-de-julio-de-castilhos\/\",\"name\":\"FEMERGS NA C\u00c2MARA DE VER. DE JULIO DE CASTILHOS. - Federa\u00e7\u00e3o dos Municip\u00e1rios do Estado do Rio Grande do Sul\",\"isPartOf\":{\"@id\":\"https:\/\/femergs.com.br\/wfe\/#website\"},\"primaryImageOfPage\":{\"@id\":\"https:\/\/femergs.com.br\/wfe\/blog\/femergs-na-camara-de-ver-de-julio-de-castilhos\/#primaryimage\"},\"image\":{\"@id\":\"https:\/\/femergs.com.br\/wfe\/blog\/femergs-na-camara-de-ver-de-julio-de-castilhos\/#primaryimage\"},\"thumbnailUrl\":\"https:\/\/femergs.com.br\/wfe\/wp-content\/uploads\/2025\/11\/588467100_122141566334420221_6858779991492692771_n-Copia.webp\",\"datePublished\":\"2025-11-25T16:56:07+00:00\",\"dateModified\":\"2025-11-25T16:56:29+00:00\",\"breadcrumb\":{\"@id\":\"https:\/\/femergs.com.br\/wfe\/blog\/femergs-na-camara-de-ver-de-julio-de-castilhos\/#breadcrumb\"},\"inLanguage\":\"pt-BR\",\"potentialAction\":[{\"@type\":\"ReadAction\",\"target\":[\"https:\/\/femergs.com.br\/wfe\/blog\/femergs-na-camara-de-ver-de-julio-de-castilhos\/\"]}]},{\"@type\":\"ImageObject\",\"inLanguage\":\"pt-BR\",\"@id\":\"https:\/\/femergs.com.br\/wfe\/blog\/femergs-na-camara-de-ver-de-julio-de-castilhos\/#primaryimage\",\"url\":\"https:\/\/femergs.com.br\/wfe\/wp-content\/uploads\/2025\/11\/588467100_122141566334420221_6858779991492692771_n-Copia.webp\",\"contentUrl\":\"https:\/\/femergs.com.br\/wfe\/wp-content\/uploads\/2025\/11\/588467100_122141566334420221_6858779991492692771_n-Copia.webp\",\"width\":2048,\"height\":1365},{\"@type\":\"BreadcrumbList\",\"@id\":\"https:\/\/femergs.com.br\/wfe\/blog\/femergs-na-camara-de-ver-de-julio-de-castilhos\/#breadcrumb\",\"itemListElement\":[{\"@type\":\"ListItem\",\"position\":1,\"name\":\"In\u00edcio\",\"item\":\"https:\/\/femergs.com.br\/wfe\/\"},{\"@type\":\"ListItem\",\"position\":2,\"name\":\"FEMERGS NA C\u00c2MARA DE VER. DE JULIO DE CASTILHOS.\"}]},{\"@type\":\"WebSite\",\"@id\":\"https:\/\/femergs.com.br\/wfe\/#website\",\"url\":\"https:\/\/femergs.com.br\/wfe\/\",\"name\":\"FEMERGS\",\"description\":\"FEDERA\u00c7\u00c3O DOS MUNICIP\u00c1RIOS DO ESTADO DO RIO GRANDE DO SUL\",\"publisher\":{\"@id\":\"https:\/\/femergs.com.br\/wfe\/#organization\"},\"potentialAction\":[{\"@type\":\"SearchAction\",\"target\":{\"@type\":\"EntryPoint\",\"urlTemplate\":\"https:\/\/femergs.com.br\/wfe\/?s={search_term_string}\"},\"query-input\":{\"@type\":\"PropertyValueSpecification\",\"valueRequired\":true,\"valueName\":\"search_term_string\"}}],\"inLanguage\":\"pt-BR\"},{\"@type\":\"Organization\",\"@id\":\"https:\/\/femergs.com.br\/wfe\/#organization\",\"name\":\"FEMERGS\",\"url\":\"https:\/\/femergs.com.br\/wfe\/\",\"logo\":{\"@type\":\"ImageObject\",\"inLanguage\":\"pt-BR\",\"@id\":\"https:\/\/femergs.com.br\/wfe\/#\/schema\/logo\/image\/\",\"url\":\"https:\/\/femergs.com.br\/wfe\/wp-content\/uploads\/2025\/06\/logotipo.png\",\"contentUrl\":\"https:\/\/femergs.com.br\/wfe\/wp-content\/uploads\/2025\/06\/logotipo.png\",\"width\":500,\"height\":500,\"caption\":\"FEMERGS\"},\"image\":{\"@id\":\"https:\/\/femergs.com.br\/wfe\/#\/schema\/logo\/image\/\"},\"sameAs\":[\"https:\/\/www.facebook.com\/profile.php?id=100057151733001\",\"https:\/\/www.instagram.com\/femergs_rs\/\"]},{\"@type\":\"Person\",\"@id\":\"https:\/\/femergs.com.br\/wfe\/#\/schema\/person\/4b3af19a984e10c0c238865d19a18861\",\"name\":\"miriam\",\"image\":{\"@type\":\"ImageObject\",\"inLanguage\":\"pt-BR\",\"@id\":\"https:\/\/femergs.com.br\/wfe\/#\/schema\/person\/image\/\",\"url\":\"https:\/\/secure.gravatar.com\/avatar\/99e0219887272b5886d5bfee4d4769a4ddd6a5dbbff08bfc7638bfdc246689f1?s=96&d=mm&r=g\",\"contentUrl\":\"https:\/\/secure.gravatar.com\/avatar\/99e0219887272b5886d5bfee4d4769a4ddd6a5dbbff08bfc7638bfdc246689f1?s=96&d=mm&r=g\",\"caption\":\"miriam\"},\"url\":\"https:\/\/femergs.com.br\/wfe\/blog\/author\/miriam\/\"}]}<\/script>\n<!-- \/ Yoast SEO plugin. -->","yoast_head_json":{"title":"FEMERGS NA C\u00c2MARA DE VER. DE JULIO DE CASTILHOS. - Federa\u00e7\u00e3o dos Municip\u00e1rios do Estado do Rio Grande do Sul","robots":{"index":"index","follow":"follow","max-snippet":"max-snippet:-1","max-image-preview":"max-image-preview:large","max-video-preview":"max-video-preview:-1"},"canonical":"https:\/\/femergs.com.br\/wfe\/blog\/femergs-na-camara-de-ver-de-julio-de-castilhos\/","og_locale":"pt_BR","og_type":"article","og_title":"FEMERGS NA C\u00c2MARA DE VER. DE JULIO DE CASTILHOS. - Federa\u00e7\u00e3o dos Municip\u00e1rios do Estado do Rio Grande do Sul","og_description":"Grande momento, Femergs na C\u00e2mara de Vereadores de Julio de Castilhos, encontro de pessoas incrives na defesa dos movimentos sociais e servidores municipais.Parab\u00e9ns Vereadora Alice pela iniciativa, conte sempre conosco.\ud83d\ude4f\ud83c\udffe Na \u00faltima ter\u00e7a-feira, 18 de novembro de 2025, \u00e0s 18h, a C\u00e2mara de Vereadores recebeu a Roda de Conversa sobre a Reforma Administrativa, iniciativa promovida [&hellip;]","og_url":"https:\/\/femergs.com.br\/wfe\/blog\/femergs-na-camara-de-ver-de-julio-de-castilhos\/","og_site_name":"Federa\u00e7\u00e3o dos Municip\u00e1rios do Estado do Rio Grande do Sul","article_publisher":"https:\/\/www.facebook.com\/profile.php?id=100057151733001","article_published_time":"2025-11-25T16:56:07+00:00","article_modified_time":"2025-11-25T16:56:29+00:00","og_image":[{"width":2048,"height":1365,"url":"https:\/\/femergs.com.br\/wfe\/wp-content\/uploads\/2025\/11\/588467100_122141566334420221_6858779991492692771_n-Copia.webp","type":"image\/jpeg"}],"author":"miriam","twitter_card":"summary_large_image","twitter_misc":{"Escrito por":"miriam","Est. tempo de leitura":"2 minutos"},"schema":{"@context":"https:\/\/schema.org","@graph":[{"@type":"Article","@id":"https:\/\/femergs.com.br\/wfe\/blog\/femergs-na-camara-de-ver-de-julio-de-castilhos\/#article","isPartOf":{"@id":"https:\/\/femergs.com.br\/wfe\/blog\/femergs-na-camara-de-ver-de-julio-de-castilhos\/"},"author":{"name":"miriam","@id":"https:\/\/femergs.com.br\/wfe\/#\/schema\/person\/4b3af19a984e10c0c238865d19a18861"},"headline":"FEMERGS NA C\u00c2MARA DE VER. DE JULIO DE CASTILHOS.","datePublished":"2025-11-25T16:56:07+00:00","dateModified":"2025-11-25T16:56:29+00:00","mainEntityOfPage":{"@id":"https:\/\/femergs.com.br\/wfe\/blog\/femergs-na-camara-de-ver-de-julio-de-castilhos\/"},"wordCount":328,"commentCount":0,"publisher":{"@id":"https:\/\/femergs.com.br\/wfe\/#organization"},"image":{"@id":"https:\/\/femergs.com.br\/wfe\/blog\/femergs-na-camara-de-ver-de-julio-de-castilhos\/#primaryimage"},"thumbnailUrl":"https:\/\/femergs.com.br\/wfe\/wp-content\/uploads\/2025\/11\/588467100_122141566334420221_6858779991492692771_n-Copia.webp","keywords":["femergs","reuni\u00e3o","sindical","sindicato"],"articleSection":["Not\u00edcias Gerais"],"inLanguage":"pt-BR","potentialAction":[{"@type":"CommentAction","name":"Comment","target":["https:\/\/femergs.com.br\/wfe\/blog\/femergs-na-camara-de-ver-de-julio-de-castilhos\/#respond"]}]},{"@type":"WebPage","@id":"https:\/\/femergs.com.br\/wfe\/blog\/femergs-na-camara-de-ver-de-julio-de-castilhos\/","url":"https:\/\/femergs.com.br\/wfe\/blog\/femergs-na-camara-de-ver-de-julio-de-castilhos\/","name":"FEMERGS NA C\u00c2MARA DE VER. DE JULIO DE CASTILHOS. - Federa\u00e7\u00e3o dos Municip\u00e1rios do Estado do Rio Grande do Sul","isPartOf":{"@id":"https:\/\/femergs.com.br\/wfe\/#website"},"primaryImageOfPage":{"@id":"https:\/\/femergs.com.br\/wfe\/blog\/femergs-na-camara-de-ver-de-julio-de-castilhos\/#primaryimage"},"image":{"@id":"https:\/\/femergs.com.br\/wfe\/blog\/femergs-na-camara-de-ver-de-julio-de-castilhos\/#primaryimage"},"thumbnailUrl":"https:\/\/femergs.com.br\/wfe\/wp-content\/uploads\/2025\/11\/588467100_122141566334420221_6858779991492692771_n-Copia.webp","datePublished":"2025-11-25T16:56:07+00:00","dateModified":"2025-11-25T16:56:29+00:00","breadcrumb":{"@id":"https:\/\/femergs.com.br\/wfe\/blog\/femergs-na-camara-de-ver-de-julio-de-castilhos\/#breadcrumb"},"inLanguage":"pt-BR","potentialAction":[{"@type":"ReadAction","target":["https:\/\/femergs.com.br\/wfe\/blog\/femergs-na-camara-de-ver-de-julio-de-castilhos\/"]}]},{"@type":"ImageObject","inLanguage":"pt-BR","@id":"https:\/\/femergs.com.br\/wfe\/blog\/femergs-na-camara-de-ver-de-julio-de-castilhos\/#primaryimage","url":"https:\/\/femergs.com.br\/wfe\/wp-content\/uploads\/2025\/11\/588467100_122141566334420221_6858779991492692771_n-Copia.webp","contentUrl":"https:\/\/femergs.com.br\/wfe\/wp-content\/uploads\/2025\/11\/588467100_122141566334420221_6858779991492692771_n-Copia.webp","width":2048,"height":1365},{"@type":"BreadcrumbList","@id":"https:\/\/femergs.com.br\/wfe\/blog\/femergs-na-camara-de-ver-de-julio-de-castilhos\/#breadcrumb","itemListElement":[{"@type":"ListItem","position":1,"name":"In\u00edcio","item":"https:\/\/femergs.com.br\/wfe\/"},{"@type":"ListItem","position":2,"name":"FEMERGS NA C\u00c2MARA DE VER. DE JULIO DE CASTILHOS."}]},{"@type":"WebSite","@id":"https:\/\/femergs.com.br\/wfe\/#website","url":"https:\/\/femergs.com.br\/wfe\/","name":"FEMERGS","description":"FEDERA\u00c7\u00c3O DOS MUNICIP\u00c1RIOS DO ESTADO DO RIO GRANDE DO SUL","publisher":{"@id":"https:\/\/femergs.com.br\/wfe\/#organization"},"potentialAction":[{"@type":"SearchAction","target":{"@type":"EntryPoint","urlTemplate":"https:\/\/femergs.com.br\/wfe\/?s={search_term_string}"},"query-input":{"@type":"PropertyValueSpecification","valueRequired":true,"valueName":"search_term_string"}}],"inLanguage":"pt-BR"},{"@type":"Organization","@id":"https:\/\/femergs.com.br\/wfe\/#organization","name":"FEMERGS","url":"https:\/\/femergs.com.br\/wfe\/","logo":{"@type":"ImageObject","inLanguage":"pt-BR","@id":"https:\/\/femergs.com.br\/wfe\/#\/schema\/logo\/image\/","url":"https:\/\/femergs.com.br\/wfe\/wp-content\/uploads\/2025\/06\/logotipo.png","contentUrl":"https:\/\/femergs.com.br\/wfe\/wp-content\/uploads\/2025\/06\/logotipo.png","width":500,"height":500,"caption":"FEMERGS"},"image":{"@id":"https:\/\/femergs.com.br\/wfe\/#\/schema\/logo\/image\/"},"sameAs":["https:\/\/www.facebook.com\/profile.php?id=100057151733001","https:\/\/www.instagram.com\/femergs_rs\/"]},{"@type":"Person","@id":"https:\/\/femergs.com.br\/wfe\/#\/schema\/person\/4b3af19a984e10c0c238865d19a18861","name":"miriam","image":{"@type":"ImageObject","inLanguage":"pt-BR","@id":"https:\/\/femergs.com.br\/wfe\/#\/schema\/person\/image\/","url":"https:\/\/secure.gravatar.com\/avatar\/99e0219887272b5886d5bfee4d4769a4ddd6a5dbbff08bfc7638bfdc246689f1?s=96&d=mm&r=g","contentUrl":"https:\/\/secure.gravatar.com\/avatar\/99e0219887272b5886d5bfee4d4769a4ddd6a5dbbff08bfc7638bfdc246689f1?s=96&d=mm&r=g","caption":"miriam"},"url":"https:\/\/femergs.com.br\/wfe\/blog\/author\/miriam\/"}]}},"uagb_featured_image_src":{"full":["https:\/\/femergs.com.br\/wfe\/wp-content\/uploads\/2025\/11\/588467100_122141566334420221_6858779991492692771_n-Copia.webp",2048,1365,false],"thumbnail":["https:\/\/femergs.com.br\/wfe\/wp-content\/uploads\/2025\/11\/588467100_122141566334420221_6858779991492692771_n-Copia-150x150.webp",150,150,true],"medium":["https:\/\/femergs.com.br\/wfe\/wp-content\/uploads\/2025\/11\/588467100_122141566334420221_6858779991492692771_n-Copia-300x200.webp",300,200,true],"medium_large":["https:\/\/femergs.com.br\/wfe\/wp-content\/uploads\/2025\/11\/588467100_122141566334420221_6858779991492692771_n-Copia-768x512.webp",768,512,true],"large":["https:\/\/femergs.com.br\/wfe\/wp-content\/uploads\/2025\/11\/588467100_122141566334420221_6858779991492692771_n-Copia-1024x683.webp",1024,683,true],"1536x1536":["https:\/\/femergs.com.br\/wfe\/wp-content\/uploads\/2025\/11\/588467100_122141566334420221_6858779991492692771_n-Copia-1536x1024.webp",1536,1024,true],"2048x2048":["https:\/\/femergs.com.br\/wfe\/wp-content\/uploads\/2025\/11\/588467100_122141566334420221_6858779991492692771_n-Copia.webp",2048,1365,false],"ultp_layout_landscape_large":["https:\/\/femergs.com.br\/wfe\/wp-content\/uploads\/2025\/11\/588467100_122141566334420221_6858779991492692771_n-Copia-1200x800.webp",1200,800,true],"ultp_layout_landscape":["https:\/\/femergs.com.br\/wfe\/wp-content\/uploads\/2025\/11\/588467100_122141566334420221_6858779991492692771_n-Copia-870x570.webp",870,570,true],"ultp_layout_portrait":["https:\/\/femergs.com.br\/wfe\/wp-content\/uploads\/2025\/11\/588467100_122141566334420221_6858779991492692771_n-Copia-600x900.webp",600,900,true],"ultp_layout_square":["https:\/\/femergs.com.br\/wfe\/wp-content\/uploads\/2025\/11\/588467100_122141566334420221_6858779991492692771_n-Copia-600x600.webp",600,600,true]},"uagb_author_info":{"display_name":"miriam","author_link":"https:\/\/femergs.com.br\/wfe\/blog\/author\/miriam\/"},"uagb_comment_info":0,"uagb_excerpt":"Grande momento, Femergs na C\u00e2mara de Vereadores de Julio de Castilhos, encontro de pessoas incrives na defesa dos movimentos sociais e servidores municipais.Parab\u00e9ns Vereadora Alice pela iniciativa, conte sempre conosco.\ud83d\ude4f\ud83c\udffe Na \u00faltima ter\u00e7a-feira, 18 de novembro de 2025, \u00e0s 18h, a C\u00e2mara de Vereadores recebeu a Roda de Conversa sobre a Reforma Administrativa, iniciativa promovida&hellip;","_links":{"self":[{"href":"https:\/\/femergs.com.br\/wfe\/wp-json\/wp\/v2\/posts\/1693","targetHints":{"allow":["GET"]}}],"collection":[{"href":"https:\/\/femergs.com.br\/wfe\/wp-json\/wp\/v2\/posts"}],"about":[{"href":"https:\/\/femergs.com.br\/wfe\/wp-json\/wp\/v2\/types\/post"}],"author":[{"embeddable":true,"href":"https:\/\/femergs.com.br\/wfe\/wp-json\/wp\/v2\/users\/3"}],"replies":[{"embeddable":true,"href":"https:\/\/femergs.com.br\/wfe\/wp-json\/wp\/v2\/comments?post=1693"}],"version-history":[{"count":1,"href":"https:\/\/femergs.com.br\/wfe\/wp-json\/wp\/v2\/posts\/1693\/revisions"}],"predecessor-version":[{"id":1704,"href":"https:\/\/femergs.com.br\/wfe\/wp-json\/wp\/v2\/posts\/1693\/revisions\/1704"}],"wp:featuredmedia":[{"embeddable":true,"href":"https:\/\/femergs.com.br\/wfe\/wp-json\/wp\/v2\/media\/1698"}],"wp:attachment":[{"href":"https:\/\/femergs.com.br\/wfe\/wp-json\/wp\/v2\/media?parent=1693"}],"wp:term":[{"taxonomy":"category","embeddable":true,"href":"https:\/\/femergs.com.br\/wfe\/wp-json\/wp\/v2\/categories?post=1693"},{"taxonomy":"post_tag","embeddable":true,"href":"https:\/\/femergs.com.br\/wfe\/wp-json\/wp\/v2\/tags?post=1693"}],"curies":[{"name":"wp","href":"https:\/\/api.w.org\/{rel}","templated":true}]}}