{"id":479,"date":"2025-02-05T11:42:52","date_gmt":"2025-02-05T11:42:52","guid":{"rendered":"https:\/\/femergs.com.br\/wfe\/?p=479"},"modified":"2025-07-11T12:07:47","modified_gmt":"2025-07-11T12:07:47","slug":"femergs-em-movimento","status":"publish","type":"post","link":"https:\/\/femergs.com.br\/wfe\/blog\/femergs-em-movimento\/","title":{"rendered":"FEMERGS EM MOVIMENTO!"},"content":{"rendered":"\n<p>Reuni\u00e3o na tarde de ontem, com pauta sobre ambientes de trabalho seguros e saud\u00e1veis.<\/p>\n\n\n\n<p>Participaram da reuni\u00e3o, a presidente da FEMERGS Clarice In\u00eas Mainardi, O senhor Cl\u00e1udio Ferreira doa Santos ( Kcau), Ergonomista, Bacharel em Comunica\u00e7\u00e3o Social _PP Engenharia Ambiental e Sanit\u00e1ria, Exerce hoje o cargo de Secret\u00e1rio Nacional de seguran\u00e7a do trabalho da CSB, membro da Comiss\u00e3o Nacional Tripartite permanente parit\u00e1ria das normas de seguran\u00e7a do Trabalho. Tamb\u00e9m \u00e9 t\u00e9cnico de seguran\u00e7a, do trabalho da Petrobr\u00e1s S\/A e tambem o Senhor Ernesto Luiz Pereira Filho da CSB.<\/p>\n\n\n\n<p>V\u00e1rios assuntos relacionados com a qualidade do ambiente de trabalho, sa\u00fade do trabalhador e garantias de direitos.<br>A FEMERGS cumprindo seu objetivo de tirar o servidor municpal da invisibilidade e inseguran\u00e7a juridica que se encontra como trabalhador.<\/p>\n\n\n\n<p>Juntos somos fortes. Unidos, somos invenc\u00edveis.<\/p>\n","protected":false},"excerpt":{"rendered":"<p>Reuni\u00e3o na tarde de ontem, com pauta sobre ambientes de trabalho seguros e saud\u00e1veis. Participaram da reuni\u00e3o, a presidente da FEMERGS Clarice In\u00eas Mainardi, O senhor Cl\u00e1udio Ferreira doa Santos ( Kcau), Ergonomista, Bacharel em Comunica\u00e7\u00e3o Social _PP Engenharia Ambiental e Sanit\u00e1ria, Exerce hoje o cargo de Secret\u00e1rio Nacional de seguran\u00e7a do trabalho da CSB, [&hellip;]<\/p>\n","protected":false},"author":1,"featured_media":480,"comment_status":"open","ping_status":"open","sticky":false,"template":"","format":"standard","meta":{"_eb_attr":"","_uag_custom_page_level_css":"","fifu_image_url":"","fifu_image_alt":"","footnotes":""},"categories":[7],"tags":[19,8,10],"class_list":["post-479","post","type-post","status-publish","format-standard","has-post-thumbnail","hentry","category-noticias","tag-femergs","tag-reuniao","tag-sindical"],"yoast_head":"<!-- This site is optimized with the Yoast SEO plugin v27.1.1 - https:\/\/yoast.com\/product\/yoast-seo-wordpress\/ -->\n<title>FEMERGS EM MOVIMENTO! - Federa\u00e7\u00e3o dos Municip\u00e1rios do Estado do Rio Grande do Sul<\/title>\n<meta name=\"robots\" content=\"index, follow, max-snippet:-1, max-image-preview:large, max-video-preview:-1\" \/>\n<link rel=\"canonical\" href=\"https:\/\/femergs.com.br\/wfe\/blog\/femergs-em-movimento\/\" \/>\n<meta property=\"og:locale\" content=\"pt_BR\" \/>\n<meta property=\"og:type\" content=\"article\" \/>\n<meta property=\"og:title\" content=\"FEMERGS EM MOVIMENTO! - Federa\u00e7\u00e3o dos Municip\u00e1rios do Estado do Rio Grande do Sul\" \/>\n<meta property=\"og:description\" content=\"Reuni\u00e3o na tarde de ontem, com pauta sobre ambientes de trabalho seguros e saud\u00e1veis. Participaram da reuni\u00e3o, a presidente da FEMERGS Clarice In\u00eas Mainardi, O senhor Cl\u00e1udio Ferreira doa Santos ( Kcau), Ergonomista, Bacharel em Comunica\u00e7\u00e3o Social _PP Engenharia Ambiental e Sanit\u00e1ria, Exerce hoje o cargo de Secret\u00e1rio Nacional de seguran\u00e7a do trabalho da CSB, [&hellip;]\" \/>\n<meta property=\"og:url\" content=\"https:\/\/femergs.com.br\/wfe\/blog\/femergs-em-movimento\/\" \/>\n<meta property=\"og:site_name\" content=\"Federa\u00e7\u00e3o dos Municip\u00e1rios do Estado do Rio Grande do Sul\" \/>\n<meta property=\"article:publisher\" content=\"https:\/\/www.facebook.com\/profile.php?id=100057151733001\" \/>\n<meta property=\"article:published_time\" content=\"2025-02-05T11:42:52+00:00\" \/>\n<meta property=\"article:modified_time\" content=\"2025-07-11T12:07:47+00:00\" \/>\n<meta property=\"og:image\" content=\"https:\/\/femergs.com.br\/wfe\/wp-content\/uploads\/2025\/07\/femergsemmovimento-e1752234208514.webp\" \/>\n\t<meta property=\"og:image:width\" content=\"358\" \/>\n\t<meta property=\"og:image:height\" content=\"327\" \/>\n\t<meta property=\"og:image:type\" content=\"image\/png\" \/>\n<meta name=\"author\" content=\"adminfemergs\" \/>\n<meta name=\"twitter:card\" content=\"summary_large_image\" \/>\n<meta name=\"twitter:label1\" content=\"Escrito por\" \/>\n\t<meta name=\"twitter:data1\" content=\"adminfemergs\" \/>\n\t<meta name=\"twitter:label2\" content=\"Est. tempo de leitura\" \/>\n\t<meta name=\"twitter:data2\" content=\"1 minuto\" \/>\n<script type=\"application\/ld+json\" class=\"yoast-schema-graph\">{\"@context\":\"https:\/\/schema.org\",\"@graph\":[{\"@type\":\"Article\",\"@id\":\"https:\/\/femergs.com.br\/wfe\/blog\/femergs-em-movimento\/#article\",\"isPartOf\":{\"@id\":\"https:\/\/femergs.com.br\/wfe\/blog\/femergs-em-movimento\/\"},\"author\":{\"name\":\"adminfemergs\",\"@id\":\"https:\/\/femergs.com.br\/wfe\/#\/schema\/person\/f5558e6b5ffc044ee085016237dedb7f\"},\"headline\":\"FEMERGS EM MOVIMENTO!\",\"datePublished\":\"2025-02-05T11:42:52+00:00\",\"dateModified\":\"2025-07-11T12:07:47+00:00\",\"mainEntityOfPage\":{\"@id\":\"https:\/\/femergs.com.br\/wfe\/blog\/femergs-em-movimento\/\"},\"wordCount\":153,\"commentCount\":0,\"publisher\":{\"@id\":\"https:\/\/femergs.com.br\/wfe\/#organization\"},\"image\":{\"@id\":\"https:\/\/femergs.com.br\/wfe\/blog\/femergs-em-movimento\/#primaryimage\"},\"thumbnailUrl\":\"https:\/\/femergs.com.br\/wfe\/wp-content\/uploads\/2025\/07\/femergsemmovimento-e1752234208514.webp\",\"keywords\":[\"femergs\",\"reuni\u00e3o\",\"sindical\"],\"articleSection\":[\"Not\u00edcias Gerais\"],\"inLanguage\":\"pt-BR\",\"potentialAction\":[{\"@type\":\"CommentAction\",\"name\":\"Comment\",\"target\":[\"https:\/\/femergs.com.br\/wfe\/blog\/femergs-em-movimento\/#respond\"]}]},{\"@type\":\"WebPage\",\"@id\":\"https:\/\/femergs.com.br\/wfe\/blog\/femergs-em-movimento\/\",\"url\":\"https:\/\/femergs.com.br\/wfe\/blog\/femergs-em-movimento\/\",\"name\":\"FEMERGS EM MOVIMENTO! - Federa\u00e7\u00e3o dos Municip\u00e1rios do Estado do Rio Grande do Sul\",\"isPartOf\":{\"@id\":\"https:\/\/femergs.com.br\/wfe\/#website\"},\"primaryImageOfPage\":{\"@id\":\"https:\/\/femergs.com.br\/wfe\/blog\/femergs-em-movimento\/#primaryimage\"},\"image\":{\"@id\":\"https:\/\/femergs.com.br\/wfe\/blog\/femergs-em-movimento\/#primaryimage\"},\"thumbnailUrl\":\"https:\/\/femergs.com.br\/wfe\/wp-content\/uploads\/2025\/07\/femergsemmovimento-e1752234208514.webp\",\"datePublished\":\"2025-02-05T11:42:52+00:00\",\"dateModified\":\"2025-07-11T12:07:47+00:00\",\"breadcrumb\":{\"@id\":\"https:\/\/femergs.com.br\/wfe\/blog\/femergs-em-movimento\/#breadcrumb\"},\"inLanguage\":\"pt-BR\",\"potentialAction\":[{\"@type\":\"ReadAction\",\"target\":[\"https:\/\/femergs.com.br\/wfe\/blog\/femergs-em-movimento\/\"]}]},{\"@type\":\"ImageObject\",\"inLanguage\":\"pt-BR\",\"@id\":\"https:\/\/femergs.com.br\/wfe\/blog\/femergs-em-movimento\/#primaryimage\",\"url\":\"https:\/\/femergs.com.br\/wfe\/wp-content\/uploads\/2025\/07\/femergsemmovimento-e1752234208514.webp\",\"contentUrl\":\"https:\/\/femergs.com.br\/wfe\/wp-content\/uploads\/2025\/07\/femergsemmovimento-e1752234208514.webp\",\"width\":358,\"height\":327},{\"@type\":\"BreadcrumbList\",\"@id\":\"https:\/\/femergs.com.br\/wfe\/blog\/femergs-em-movimento\/#breadcrumb\",\"itemListElement\":[{\"@type\":\"ListItem\",\"position\":1,\"name\":\"In\u00edcio\",\"item\":\"https:\/\/femergs.com.br\/wfe\/\"},{\"@type\":\"ListItem\",\"position\":2,\"name\":\"FEMERGS EM MOVIMENTO!\"}]},{\"@type\":\"WebSite\",\"@id\":\"https:\/\/femergs.com.br\/wfe\/#website\",\"url\":\"https:\/\/femergs.com.br\/wfe\/\",\"name\":\"FEMERGS\",\"description\":\"FEDERA\u00c7\u00c3O DOS MUNICIP\u00c1RIOS DO ESTADO DO RIO GRANDE DO SUL\",\"publisher\":{\"@id\":\"https:\/\/femergs.com.br\/wfe\/#organization\"},\"potentialAction\":[{\"@type\":\"SearchAction\",\"target\":{\"@type\":\"EntryPoint\",\"urlTemplate\":\"https:\/\/femergs.com.br\/wfe\/?s={search_term_string}\"},\"query-input\":{\"@type\":\"PropertyValueSpecification\",\"valueRequired\":true,\"valueName\":\"search_term_string\"}}],\"inLanguage\":\"pt-BR\"},{\"@type\":\"Organization\",\"@id\":\"https:\/\/femergs.com.br\/wfe\/#organization\",\"name\":\"FEMERGS\",\"url\":\"https:\/\/femergs.com.br\/wfe\/\",\"logo\":{\"@type\":\"ImageObject\",\"inLanguage\":\"pt-BR\",\"@id\":\"https:\/\/femergs.com.br\/wfe\/#\/schema\/logo\/image\/\",\"url\":\"https:\/\/femergs.com.br\/wfe\/wp-content\/uploads\/2025\/06\/logotipo.png\",\"contentUrl\":\"https:\/\/femergs.com.br\/wfe\/wp-content\/uploads\/2025\/06\/logotipo.png\",\"width\":500,\"height\":500,\"caption\":\"FEMERGS\"},\"image\":{\"@id\":\"https:\/\/femergs.com.br\/wfe\/#\/schema\/logo\/image\/\"},\"sameAs\":[\"https:\/\/www.facebook.com\/profile.php?id=100057151733001\",\"https:\/\/www.instagram.com\/femergs_rs\/\"]},{\"@type\":\"Person\",\"@id\":\"https:\/\/femergs.com.br\/wfe\/#\/schema\/person\/f5558e6b5ffc044ee085016237dedb7f\",\"name\":\"adminfemergs\",\"image\":{\"@type\":\"ImageObject\",\"inLanguage\":\"pt-BR\",\"@id\":\"https:\/\/femergs.com.br\/wfe\/#\/schema\/person\/image\/\",\"url\":\"https:\/\/secure.gravatar.com\/avatar\/398642fa557cdd524617ad9b31c938845f071aeb3448b9c0aeb29aefc495337b?s=96&d=mm&r=g\",\"contentUrl\":\"https:\/\/secure.gravatar.com\/avatar\/398642fa557cdd524617ad9b31c938845f071aeb3448b9c0aeb29aefc495337b?s=96&d=mm&r=g\",\"caption\":\"adminfemergs\"},\"sameAs\":[\"https:\/\/femergs.com.br\/wfe\"],\"url\":\"https:\/\/femergs.com.br\/wfe\/blog\/author\/adminfemergs\/\"}]}<\/script>\n<!-- \/ Yoast SEO plugin. -->","yoast_head_json":{"title":"FEMERGS EM MOVIMENTO! - Federa\u00e7\u00e3o dos Municip\u00e1rios do Estado do Rio Grande do Sul","robots":{"index":"index","follow":"follow","max-snippet":"max-snippet:-1","max-image-preview":"max-image-preview:large","max-video-preview":"max-video-preview:-1"},"canonical":"https:\/\/femergs.com.br\/wfe\/blog\/femergs-em-movimento\/","og_locale":"pt_BR","og_type":"article","og_title":"FEMERGS EM MOVIMENTO! - Federa\u00e7\u00e3o dos Municip\u00e1rios do Estado do Rio Grande do Sul","og_description":"Reuni\u00e3o na tarde de ontem, com pauta sobre ambientes de trabalho seguros e saud\u00e1veis. Participaram da reuni\u00e3o, a presidente da FEMERGS Clarice In\u00eas Mainardi, O senhor Cl\u00e1udio Ferreira doa Santos ( Kcau), Ergonomista, Bacharel em Comunica\u00e7\u00e3o Social _PP Engenharia Ambiental e Sanit\u00e1ria, Exerce hoje o cargo de Secret\u00e1rio Nacional de seguran\u00e7a do trabalho da CSB, [&hellip;]","og_url":"https:\/\/femergs.com.br\/wfe\/blog\/femergs-em-movimento\/","og_site_name":"Federa\u00e7\u00e3o dos Municip\u00e1rios do Estado do Rio Grande do Sul","article_publisher":"https:\/\/www.facebook.com\/profile.php?id=100057151733001","article_published_time":"2025-02-05T11:42:52+00:00","article_modified_time":"2025-07-11T12:07:47+00:00","og_image":[{"width":358,"height":327,"url":"https:\/\/femergs.com.br\/wfe\/wp-content\/uploads\/2025\/07\/femergsemmovimento-e1752234208514.webp","type":"image\/png"}],"author":"adminfemergs","twitter_card":"summary_large_image","twitter_misc":{"Escrito por":"adminfemergs","Est. tempo de leitura":"1 minuto"},"schema":{"@context":"https:\/\/schema.org","@graph":[{"@type":"Article","@id":"https:\/\/femergs.com.br\/wfe\/blog\/femergs-em-movimento\/#article","isPartOf":{"@id":"https:\/\/femergs.com.br\/wfe\/blog\/femergs-em-movimento\/"},"author":{"name":"adminfemergs","@id":"https:\/\/femergs.com.br\/wfe\/#\/schema\/person\/f5558e6b5ffc044ee085016237dedb7f"},"headline":"FEMERGS EM MOVIMENTO!","datePublished":"2025-02-05T11:42:52+00:00","dateModified":"2025-07-11T12:07:47+00:00","mainEntityOfPage":{"@id":"https:\/\/femergs.com.br\/wfe\/blog\/femergs-em-movimento\/"},"wordCount":153,"commentCount":0,"publisher":{"@id":"https:\/\/femergs.com.br\/wfe\/#organization"},"image":{"@id":"https:\/\/femergs.com.br\/wfe\/blog\/femergs-em-movimento\/#primaryimage"},"thumbnailUrl":"https:\/\/femergs.com.br\/wfe\/wp-content\/uploads\/2025\/07\/femergsemmovimento-e1752234208514.webp","keywords":["femergs","reuni\u00e3o","sindical"],"articleSection":["Not\u00edcias Gerais"],"inLanguage":"pt-BR","potentialAction":[{"@type":"CommentAction","name":"Comment","target":["https:\/\/femergs.com.br\/wfe\/blog\/femergs-em-movimento\/#respond"]}]},{"@type":"WebPage","@id":"https:\/\/femergs.com.br\/wfe\/blog\/femergs-em-movimento\/","url":"https:\/\/femergs.com.br\/wfe\/blog\/femergs-em-movimento\/","name":"FEMERGS EM MOVIMENTO! - Federa\u00e7\u00e3o dos Municip\u00e1rios do Estado do Rio Grande do Sul","isPartOf":{"@id":"https:\/\/femergs.com.br\/wfe\/#website"},"primaryImageOfPage":{"@id":"https:\/\/femergs.com.br\/wfe\/blog\/femergs-em-movimento\/#primaryimage"},"image":{"@id":"https:\/\/femergs.com.br\/wfe\/blog\/femergs-em-movimento\/#primaryimage"},"thumbnailUrl":"https:\/\/femergs.com.br\/wfe\/wp-content\/uploads\/2025\/07\/femergsemmovimento-e1752234208514.webp","datePublished":"2025-02-05T11:42:52+00:00","dateModified":"2025-07-11T12:07:47+00:00","breadcrumb":{"@id":"https:\/\/femergs.com.br\/wfe\/blog\/femergs-em-movimento\/#breadcrumb"},"inLanguage":"pt-BR","potentialAction":[{"@type":"ReadAction","target":["https:\/\/femergs.com.br\/wfe\/blog\/femergs-em-movimento\/"]}]},{"@type":"ImageObject","inLanguage":"pt-BR","@id":"https:\/\/femergs.com.br\/wfe\/blog\/femergs-em-movimento\/#primaryimage","url":"https:\/\/femergs.com.br\/wfe\/wp-content\/uploads\/2025\/07\/femergsemmovimento-e1752234208514.webp","contentUrl":"https:\/\/femergs.com.br\/wfe\/wp-content\/uploads\/2025\/07\/femergsemmovimento-e1752234208514.webp","width":358,"height":327},{"@type":"BreadcrumbList","@id":"https:\/\/femergs.com.br\/wfe\/blog\/femergs-em-movimento\/#breadcrumb","itemListElement":[{"@type":"ListItem","position":1,"name":"In\u00edcio","item":"https:\/\/femergs.com.br\/wfe\/"},{"@type":"ListItem","position":2,"name":"FEMERGS EM MOVIMENTO!"}]},{"@type":"WebSite","@id":"https:\/\/femergs.com.br\/wfe\/#website","url":"https:\/\/femergs.com.br\/wfe\/","name":"FEMERGS","description":"FEDERA\u00c7\u00c3O DOS MUNICIP\u00c1RIOS DO ESTADO DO RIO GRANDE DO SUL","publisher":{"@id":"https:\/\/femergs.com.br\/wfe\/#organization"},"potentialAction":[{"@type":"SearchAction","target":{"@type":"EntryPoint","urlTemplate":"https:\/\/femergs.com.br\/wfe\/?s={search_term_string}"},"query-input":{"@type":"PropertyValueSpecification","valueRequired":true,"valueName":"search_term_string"}}],"inLanguage":"pt-BR"},{"@type":"Organization","@id":"https:\/\/femergs.com.br\/wfe\/#organization","name":"FEMERGS","url":"https:\/\/femergs.com.br\/wfe\/","logo":{"@type":"ImageObject","inLanguage":"pt-BR","@id":"https:\/\/femergs.com.br\/wfe\/#\/schema\/logo\/image\/","url":"https:\/\/femergs.com.br\/wfe\/wp-content\/uploads\/2025\/06\/logotipo.png","contentUrl":"https:\/\/femergs.com.br\/wfe\/wp-content\/uploads\/2025\/06\/logotipo.png","width":500,"height":500,"caption":"FEMERGS"},"image":{"@id":"https:\/\/femergs.com.br\/wfe\/#\/schema\/logo\/image\/"},"sameAs":["https:\/\/www.facebook.com\/profile.php?id=100057151733001","https:\/\/www.instagram.com\/femergs_rs\/"]},{"@type":"Person","@id":"https:\/\/femergs.com.br\/wfe\/#\/schema\/person\/f5558e6b5ffc044ee085016237dedb7f","name":"adminfemergs","image":{"@type":"ImageObject","inLanguage":"pt-BR","@id":"https:\/\/femergs.com.br\/wfe\/#\/schema\/person\/image\/","url":"https:\/\/secure.gravatar.com\/avatar\/398642fa557cdd524617ad9b31c938845f071aeb3448b9c0aeb29aefc495337b?s=96&d=mm&r=g","contentUrl":"https:\/\/secure.gravatar.com\/avatar\/398642fa557cdd524617ad9b31c938845f071aeb3448b9c0aeb29aefc495337b?s=96&d=mm&r=g","caption":"adminfemergs"},"sameAs":["https:\/\/femergs.com.br\/wfe"],"url":"https:\/\/femergs.com.br\/wfe\/blog\/author\/adminfemergs\/"}]}},"uagb_featured_image_src":{"full":["https:\/\/femergs.com.br\/wfe\/wp-content\/uploads\/2025\/07\/femergsemmovimento-e1752234208514.webp",358,327,false],"thumbnail":["https:\/\/femergs.com.br\/wfe\/wp-content\/uploads\/2025\/07\/femergsemmovimento-e1752234208514-150x150.webp",150,150,true],"medium":["https:\/\/femergs.com.br\/wfe\/wp-content\/uploads\/2025\/07\/femergsemmovimento-e1752234208514-300x274.webp",300,274,true],"medium_large":["https:\/\/femergs.com.br\/wfe\/wp-content\/uploads\/2025\/07\/femergsemmovimento-e1752234208514.webp",358,327,false],"large":["https:\/\/femergs.com.br\/wfe\/wp-content\/uploads\/2025\/07\/femergsemmovimento-e1752234208514.webp",358,327,false],"1536x1536":["https:\/\/femergs.com.br\/wfe\/wp-content\/uploads\/2025\/07\/femergsemmovimento-e1752234208514.webp",358,327,false],"2048x2048":["https:\/\/femergs.com.br\/wfe\/wp-content\/uploads\/2025\/07\/femergsemmovimento-e1752234208514.webp",358,327,false],"ultp_layout_landscape_large":["https:\/\/femergs.com.br\/wfe\/wp-content\/uploads\/2025\/07\/femergsemmovimento-e1752234208514.webp",358,327,false],"ultp_layout_landscape":["https:\/\/femergs.com.br\/wfe\/wp-content\/uploads\/2025\/07\/femergsemmovimento-e1752234208514.webp",358,327,false],"ultp_layout_portrait":["https:\/\/femergs.com.br\/wfe\/wp-content\/uploads\/2025\/07\/femergsemmovimento-e1752234208514.webp",358,327,false],"ultp_layout_square":["https:\/\/femergs.com.br\/wfe\/wp-content\/uploads\/2025\/07\/femergsemmovimento-e1752234208514.webp",358,327,false]},"uagb_author_info":{"display_name":"adminfemergs","author_link":"https:\/\/femergs.com.br\/wfe\/blog\/author\/adminfemergs\/"},"uagb_comment_info":0,"uagb_excerpt":"Reuni\u00e3o na tarde de ontem, com pauta sobre ambientes de trabalho seguros e saud\u00e1veis. Participaram da reuni\u00e3o, a presidente da FEMERGS Clarice In\u00eas Mainardi, O senhor Cl\u00e1udio Ferreira doa Santos ( Kcau), Ergonomista, Bacharel em Comunica\u00e7\u00e3o Social _PP Engenharia Ambiental e Sanit\u00e1ria, Exerce hoje o cargo de Secret\u00e1rio Nacional de seguran\u00e7a do trabalho da CSB,&hellip;","_links":{"self":[{"href":"https:\/\/femergs.com.br\/wfe\/wp-json\/wp\/v2\/posts\/479","targetHints":{"allow":["GET"]}}],"collection":[{"href":"https:\/\/femergs.com.br\/wfe\/wp-json\/wp\/v2\/posts"}],"about":[{"href":"https:\/\/femergs.com.br\/wfe\/wp-json\/wp\/v2\/types\/post"}],"author":[{"embeddable":true,"href":"https:\/\/femergs.com.br\/wfe\/wp-json\/wp\/v2\/users\/1"}],"replies":[{"embeddable":true,"href":"https:\/\/femergs.com.br\/wfe\/wp-json\/wp\/v2\/comments?post=479"}],"version-history":[{"count":1,"href":"https:\/\/femergs.com.br\/wfe\/wp-json\/wp\/v2\/posts\/479\/revisions"}],"predecessor-version":[{"id":481,"href":"https:\/\/femergs.com.br\/wfe\/wp-json\/wp\/v2\/posts\/479\/revisions\/481"}],"wp:featuredmedia":[{"embeddable":true,"href":"https:\/\/femergs.com.br\/wfe\/wp-json\/wp\/v2\/media\/480"}],"wp:attachment":[{"href":"https:\/\/femergs.com.br\/wfe\/wp-json\/wp\/v2\/media?parent=479"}],"wp:term":[{"taxonomy":"category","embeddable":true,"href":"https:\/\/femergs.com.br\/wfe\/wp-json\/wp\/v2\/categories?post=479"},{"taxonomy":"post_tag","embeddable":true,"href":"https:\/\/femergs.com.br\/wfe\/wp-json\/wp\/v2\/tags?post=479"}],"curies":[{"name":"wp","href":"https:\/\/api.w.org\/{rel}","templated":true}]}}