{"id":491,"date":"2025-01-08T12:06:00","date_gmt":"2025-01-08T12:06:00","guid":{"rendered":"https:\/\/femergs.com.br\/wfe\/?p=491"},"modified":"2025-07-11T12:07:05","modified_gmt":"2025-07-11T12:07:05","slug":"femergs-promove-dialogo-em-sao-vicente-do-sul","status":"publish","type":"post","link":"https:\/\/femergs.com.br\/wfe\/blog\/femergs-promove-dialogo-em-sao-vicente-do-sul\/","title":{"rendered":"FEMERGS promove di\u00e1logo em S\u00e3o Vicente do Sul"},"content":{"rendered":"\n<p>Na noite do dia 07 de janeiro de 2025, a Presidente da FEMERGS, Clarice In\u00eas Mainardi esteve no Municipio de S\u00e3o Vicente do Sul em uma reuni\u00e3o com algumas lideran\u00e7as sindicais da Regional Centro. <\/p>\n\n\n\n<p>Se fizeram presentes os Sindicatos dos Municip\u00e1rios de S\u00e3o Vicente do Sul, anfriti\u00e3 do evento, ao qual agradecemos em nome do Presidente Cezar Roso Tivico, tamb\u00e9m o Coordenador da Regional Adriano Diniz. Foi uma noite de muita troca de aprendizagem, um di\u00e1logo profundo sobre os novos caminhos dos sindicato.<\/p>\n\n\n\n<p>A FEMERGS \u00e9 adepta do di\u00e1logo, da constru\u00e7\u00e3o de solu\u00e7\u00f5es que realmente possam beneciar ao cidad\u00e3o que usa o servi\u00e7o p\u00fablico, e qu\u00ea, conforme direito Constitucional deve ser de qualidade e  Transpar\u00eancia sempre, al\u00e9m de impessoal, deve atingir a todos dentro do municipio, sem nem uma distin\u00e7\u00e3o. <\/p>\n\n\n\n<p>Lembramos tamb\u00e9m que o servidor municipal concursado, entrou de maneira legal em seu posto de trabalho, atrav\u00e9s de concurso p\u00fablico, mas \u00e9 um cidad\u00e3o como qualquer outro cidad\u00e3o brasileiro, detentor de direitos e dignidade, na forma com que \u00e9 tratado, bem como garantindo sal\u00e1rio justo por seus servi\u00e7os.s, e principalmente sobre a urg\u00eancia de mantermos a categoria unidada frente aos ataques sofridos.<\/p>\n","protected":false},"excerpt":{"rendered":"<p>Na noite do dia 07 de janeiro de 2025, a Presidente da FEMERGS, Clarice In\u00eas Mainardi esteve no Municipio de S\u00e3o Vicente do Sul em uma reuni\u00e3o com algumas lideran\u00e7as sindicais da Regional Centro. Se fizeram presentes os Sindicatos dos Municip\u00e1rios de S\u00e3o Vicente do Sul, anfriti\u00e3 do evento, ao qual agradecemos em nome do [&hellip;]<\/p>\n","protected":false},"author":1,"featured_media":492,"comment_status":"open","ping_status":"open","sticky":false,"template":"","format":"standard","meta":{"_eb_attr":"","_uag_custom_page_level_css":"","fifu_image_url":"","fifu_image_alt":"","footnotes":""},"categories":[7],"tags":[19,8,20,10],"class_list":["post-491","post","type-post","status-publish","format-standard","has-post-thumbnail","hentry","category-noticias","tag-femergs","tag-reuniao","tag-sao-vicente-do-sul","tag-sindical"],"yoast_head":"<!-- This site is optimized with the Yoast SEO plugin v27.1.1 - https:\/\/yoast.com\/product\/yoast-seo-wordpress\/ -->\n<title>FEMERGS promove di\u00e1logo em S\u00e3o Vicente do Sul - Federa\u00e7\u00e3o dos Municip\u00e1rios do Estado do Rio Grande do Sul<\/title>\n<meta name=\"robots\" content=\"index, follow, max-snippet:-1, max-image-preview:large, max-video-preview:-1\" \/>\n<link rel=\"canonical\" href=\"https:\/\/femergs.com.br\/wfe\/blog\/femergs-promove-dialogo-em-sao-vicente-do-sul\/\" \/>\n<meta property=\"og:locale\" content=\"pt_BR\" \/>\n<meta property=\"og:type\" content=\"article\" \/>\n<meta property=\"og:title\" content=\"FEMERGS promove di\u00e1logo em S\u00e3o Vicente do Sul - Federa\u00e7\u00e3o dos Municip\u00e1rios do Estado do Rio Grande do Sul\" \/>\n<meta property=\"og:description\" content=\"Na noite do dia 07 de janeiro de 2025, a Presidente da FEMERGS, Clarice In\u00eas Mainardi esteve no Municipio de S\u00e3o Vicente do Sul em uma reuni\u00e3o com algumas lideran\u00e7as sindicais da Regional Centro. Se fizeram presentes os Sindicatos dos Municip\u00e1rios de S\u00e3o Vicente do Sul, anfriti\u00e3 do evento, ao qual agradecemos em nome do [&hellip;]\" \/>\n<meta property=\"og:url\" content=\"https:\/\/femergs.com.br\/wfe\/blog\/femergs-promove-dialogo-em-sao-vicente-do-sul\/\" \/>\n<meta property=\"og:site_name\" content=\"Federa\u00e7\u00e3o dos Municip\u00e1rios do Estado do Rio Grande do Sul\" \/>\n<meta property=\"article:publisher\" content=\"https:\/\/www.facebook.com\/profile.php?id=100057151733001\" \/>\n<meta property=\"article:published_time\" content=\"2025-01-08T12:06:00+00:00\" \/>\n<meta property=\"article:modified_time\" content=\"2025-07-11T12:07:05+00:00\" \/>\n<meta property=\"og:image\" content=\"https:\/\/femergs.com.br\/wfe\/wp-content\/uploads\/2025\/07\/femergs-saovicente.webp\" \/>\n\t<meta property=\"og:image:width\" content=\"724\" \/>\n\t<meta property=\"og:image:height\" content=\"597\" \/>\n\t<meta property=\"og:image:type\" content=\"image\/png\" \/>\n<meta name=\"author\" content=\"adminfemergs\" \/>\n<meta name=\"twitter:card\" content=\"summary_large_image\" \/>\n<meta name=\"twitter:label1\" content=\"Escrito por\" \/>\n\t<meta name=\"twitter:data1\" content=\"adminfemergs\" \/>\n\t<meta name=\"twitter:label2\" content=\"Est. tempo de leitura\" \/>\n\t<meta name=\"twitter:data2\" content=\"2 minutos\" \/>\n<script type=\"application\/ld+json\" class=\"yoast-schema-graph\">{\"@context\":\"https:\/\/schema.org\",\"@graph\":[{\"@type\":\"Article\",\"@id\":\"https:\/\/femergs.com.br\/wfe\/blog\/femergs-promove-dialogo-em-sao-vicente-do-sul\/#article\",\"isPartOf\":{\"@id\":\"https:\/\/femergs.com.br\/wfe\/blog\/femergs-promove-dialogo-em-sao-vicente-do-sul\/\"},\"author\":{\"name\":\"adminfemergs\",\"@id\":\"https:\/\/femergs.com.br\/wfe\/#\/schema\/person\/f5558e6b5ffc044ee085016237dedb7f\"},\"headline\":\"FEMERGS promove di\u00e1logo em S\u00e3o Vicente do Sul\",\"datePublished\":\"2025-01-08T12:06:00+00:00\",\"dateModified\":\"2025-07-11T12:07:05+00:00\",\"mainEntityOfPage\":{\"@id\":\"https:\/\/femergs.com.br\/wfe\/blog\/femergs-promove-dialogo-em-sao-vicente-do-sul\/\"},\"wordCount\":223,\"commentCount\":0,\"publisher\":{\"@id\":\"https:\/\/femergs.com.br\/wfe\/#organization\"},\"image\":{\"@id\":\"https:\/\/femergs.com.br\/wfe\/blog\/femergs-promove-dialogo-em-sao-vicente-do-sul\/#primaryimage\"},\"thumbnailUrl\":\"https:\/\/femergs.com.br\/wfe\/wp-content\/uploads\/2025\/07\/femergs-saovicente.webp\",\"keywords\":[\"femergs\",\"reuni\u00e3o\",\"S\u00e3o Vicente do Sul\",\"sindical\"],\"articleSection\":[\"Not\u00edcias Gerais\"],\"inLanguage\":\"pt-BR\",\"potentialAction\":[{\"@type\":\"CommentAction\",\"name\":\"Comment\",\"target\":[\"https:\/\/femergs.com.br\/wfe\/blog\/femergs-promove-dialogo-em-sao-vicente-do-sul\/#respond\"]}]},{\"@type\":\"WebPage\",\"@id\":\"https:\/\/femergs.com.br\/wfe\/blog\/femergs-promove-dialogo-em-sao-vicente-do-sul\/\",\"url\":\"https:\/\/femergs.com.br\/wfe\/blog\/femergs-promove-dialogo-em-sao-vicente-do-sul\/\",\"name\":\"FEMERGS promove di\u00e1logo em S\u00e3o Vicente do Sul - Federa\u00e7\u00e3o dos Municip\u00e1rios do Estado do Rio Grande do Sul\",\"isPartOf\":{\"@id\":\"https:\/\/femergs.com.br\/wfe\/#website\"},\"primaryImageOfPage\":{\"@id\":\"https:\/\/femergs.com.br\/wfe\/blog\/femergs-promove-dialogo-em-sao-vicente-do-sul\/#primaryimage\"},\"image\":{\"@id\":\"https:\/\/femergs.com.br\/wfe\/blog\/femergs-promove-dialogo-em-sao-vicente-do-sul\/#primaryimage\"},\"thumbnailUrl\":\"https:\/\/femergs.com.br\/wfe\/wp-content\/uploads\/2025\/07\/femergs-saovicente.webp\",\"datePublished\":\"2025-01-08T12:06:00+00:00\",\"dateModified\":\"2025-07-11T12:07:05+00:00\",\"breadcrumb\":{\"@id\":\"https:\/\/femergs.com.br\/wfe\/blog\/femergs-promove-dialogo-em-sao-vicente-do-sul\/#breadcrumb\"},\"inLanguage\":\"pt-BR\",\"potentialAction\":[{\"@type\":\"ReadAction\",\"target\":[\"https:\/\/femergs.com.br\/wfe\/blog\/femergs-promove-dialogo-em-sao-vicente-do-sul\/\"]}]},{\"@type\":\"ImageObject\",\"inLanguage\":\"pt-BR\",\"@id\":\"https:\/\/femergs.com.br\/wfe\/blog\/femergs-promove-dialogo-em-sao-vicente-do-sul\/#primaryimage\",\"url\":\"https:\/\/femergs.com.br\/wfe\/wp-content\/uploads\/2025\/07\/femergs-saovicente.webp\",\"contentUrl\":\"https:\/\/femergs.com.br\/wfe\/wp-content\/uploads\/2025\/07\/femergs-saovicente.webp\",\"width\":724,\"height\":597},{\"@type\":\"BreadcrumbList\",\"@id\":\"https:\/\/femergs.com.br\/wfe\/blog\/femergs-promove-dialogo-em-sao-vicente-do-sul\/#breadcrumb\",\"itemListElement\":[{\"@type\":\"ListItem\",\"position\":1,\"name\":\"In\u00edcio\",\"item\":\"https:\/\/femergs.com.br\/wfe\/\"},{\"@type\":\"ListItem\",\"position\":2,\"name\":\"FEMERGS promove di\u00e1logo em S\u00e3o Vicente do Sul\"}]},{\"@type\":\"WebSite\",\"@id\":\"https:\/\/femergs.com.br\/wfe\/#website\",\"url\":\"https:\/\/femergs.com.br\/wfe\/\",\"name\":\"FEMERGS\",\"description\":\"FEDERA\u00c7\u00c3O DOS MUNICIP\u00c1RIOS DO ESTADO DO RIO GRANDE DO SUL\",\"publisher\":{\"@id\":\"https:\/\/femergs.com.br\/wfe\/#organization\"},\"potentialAction\":[{\"@type\":\"SearchAction\",\"target\":{\"@type\":\"EntryPoint\",\"urlTemplate\":\"https:\/\/femergs.com.br\/wfe\/?s={search_term_string}\"},\"query-input\":{\"@type\":\"PropertyValueSpecification\",\"valueRequired\":true,\"valueName\":\"search_term_string\"}}],\"inLanguage\":\"pt-BR\"},{\"@type\":\"Organization\",\"@id\":\"https:\/\/femergs.com.br\/wfe\/#organization\",\"name\":\"FEMERGS\",\"url\":\"https:\/\/femergs.com.br\/wfe\/\",\"logo\":{\"@type\":\"ImageObject\",\"inLanguage\":\"pt-BR\",\"@id\":\"https:\/\/femergs.com.br\/wfe\/#\/schema\/logo\/image\/\",\"url\":\"https:\/\/femergs.com.br\/wfe\/wp-content\/uploads\/2025\/06\/logotipo.png\",\"contentUrl\":\"https:\/\/femergs.com.br\/wfe\/wp-content\/uploads\/2025\/06\/logotipo.png\",\"width\":500,\"height\":500,\"caption\":\"FEMERGS\"},\"image\":{\"@id\":\"https:\/\/femergs.com.br\/wfe\/#\/schema\/logo\/image\/\"},\"sameAs\":[\"https:\/\/www.facebook.com\/profile.php?id=100057151733001\",\"https:\/\/www.instagram.com\/femergs_rs\/\"]},{\"@type\":\"Person\",\"@id\":\"https:\/\/femergs.com.br\/wfe\/#\/schema\/person\/f5558e6b5ffc044ee085016237dedb7f\",\"name\":\"adminfemergs\",\"image\":{\"@type\":\"ImageObject\",\"inLanguage\":\"pt-BR\",\"@id\":\"https:\/\/femergs.com.br\/wfe\/#\/schema\/person\/image\/\",\"url\":\"https:\/\/secure.gravatar.com\/avatar\/398642fa557cdd524617ad9b31c938845f071aeb3448b9c0aeb29aefc495337b?s=96&d=mm&r=g\",\"contentUrl\":\"https:\/\/secure.gravatar.com\/avatar\/398642fa557cdd524617ad9b31c938845f071aeb3448b9c0aeb29aefc495337b?s=96&d=mm&r=g\",\"caption\":\"adminfemergs\"},\"sameAs\":[\"https:\/\/femergs.com.br\/wfe\"],\"url\":\"https:\/\/femergs.com.br\/wfe\/blog\/author\/adminfemergs\/\"}]}<\/script>\n<!-- \/ Yoast SEO plugin. -->","yoast_head_json":{"title":"FEMERGS promove di\u00e1logo em S\u00e3o Vicente do Sul - Federa\u00e7\u00e3o dos Municip\u00e1rios do Estado do Rio Grande do Sul","robots":{"index":"index","follow":"follow","max-snippet":"max-snippet:-1","max-image-preview":"max-image-preview:large","max-video-preview":"max-video-preview:-1"},"canonical":"https:\/\/femergs.com.br\/wfe\/blog\/femergs-promove-dialogo-em-sao-vicente-do-sul\/","og_locale":"pt_BR","og_type":"article","og_title":"FEMERGS promove di\u00e1logo em S\u00e3o Vicente do Sul - Federa\u00e7\u00e3o dos Municip\u00e1rios do Estado do Rio Grande do Sul","og_description":"Na noite do dia 07 de janeiro de 2025, a Presidente da FEMERGS, Clarice In\u00eas Mainardi esteve no Municipio de S\u00e3o Vicente do Sul em uma reuni\u00e3o com algumas lideran\u00e7as sindicais da Regional Centro. Se fizeram presentes os Sindicatos dos Municip\u00e1rios de S\u00e3o Vicente do Sul, anfriti\u00e3 do evento, ao qual agradecemos em nome do [&hellip;]","og_url":"https:\/\/femergs.com.br\/wfe\/blog\/femergs-promove-dialogo-em-sao-vicente-do-sul\/","og_site_name":"Federa\u00e7\u00e3o dos Municip\u00e1rios do Estado do Rio Grande do Sul","article_publisher":"https:\/\/www.facebook.com\/profile.php?id=100057151733001","article_published_time":"2025-01-08T12:06:00+00:00","article_modified_time":"2025-07-11T12:07:05+00:00","og_image":[{"width":724,"height":597,"url":"https:\/\/femergs.com.br\/wfe\/wp-content\/uploads\/2025\/07\/femergs-saovicente.webp","type":"image\/png"}],"author":"adminfemergs","twitter_card":"summary_large_image","twitter_misc":{"Escrito por":"adminfemergs","Est. tempo de leitura":"2 minutos"},"schema":{"@context":"https:\/\/schema.org","@graph":[{"@type":"Article","@id":"https:\/\/femergs.com.br\/wfe\/blog\/femergs-promove-dialogo-em-sao-vicente-do-sul\/#article","isPartOf":{"@id":"https:\/\/femergs.com.br\/wfe\/blog\/femergs-promove-dialogo-em-sao-vicente-do-sul\/"},"author":{"name":"adminfemergs","@id":"https:\/\/femergs.com.br\/wfe\/#\/schema\/person\/f5558e6b5ffc044ee085016237dedb7f"},"headline":"FEMERGS promove di\u00e1logo em S\u00e3o Vicente do Sul","datePublished":"2025-01-08T12:06:00+00:00","dateModified":"2025-07-11T12:07:05+00:00","mainEntityOfPage":{"@id":"https:\/\/femergs.com.br\/wfe\/blog\/femergs-promove-dialogo-em-sao-vicente-do-sul\/"},"wordCount":223,"commentCount":0,"publisher":{"@id":"https:\/\/femergs.com.br\/wfe\/#organization"},"image":{"@id":"https:\/\/femergs.com.br\/wfe\/blog\/femergs-promove-dialogo-em-sao-vicente-do-sul\/#primaryimage"},"thumbnailUrl":"https:\/\/femergs.com.br\/wfe\/wp-content\/uploads\/2025\/07\/femergs-saovicente.webp","keywords":["femergs","reuni\u00e3o","S\u00e3o Vicente do Sul","sindical"],"articleSection":["Not\u00edcias Gerais"],"inLanguage":"pt-BR","potentialAction":[{"@type":"CommentAction","name":"Comment","target":["https:\/\/femergs.com.br\/wfe\/blog\/femergs-promove-dialogo-em-sao-vicente-do-sul\/#respond"]}]},{"@type":"WebPage","@id":"https:\/\/femergs.com.br\/wfe\/blog\/femergs-promove-dialogo-em-sao-vicente-do-sul\/","url":"https:\/\/femergs.com.br\/wfe\/blog\/femergs-promove-dialogo-em-sao-vicente-do-sul\/","name":"FEMERGS promove di\u00e1logo em S\u00e3o Vicente do Sul - Federa\u00e7\u00e3o dos Municip\u00e1rios do Estado do Rio Grande do Sul","isPartOf":{"@id":"https:\/\/femergs.com.br\/wfe\/#website"},"primaryImageOfPage":{"@id":"https:\/\/femergs.com.br\/wfe\/blog\/femergs-promove-dialogo-em-sao-vicente-do-sul\/#primaryimage"},"image":{"@id":"https:\/\/femergs.com.br\/wfe\/blog\/femergs-promove-dialogo-em-sao-vicente-do-sul\/#primaryimage"},"thumbnailUrl":"https:\/\/femergs.com.br\/wfe\/wp-content\/uploads\/2025\/07\/femergs-saovicente.webp","datePublished":"2025-01-08T12:06:00+00:00","dateModified":"2025-07-11T12:07:05+00:00","breadcrumb":{"@id":"https:\/\/femergs.com.br\/wfe\/blog\/femergs-promove-dialogo-em-sao-vicente-do-sul\/#breadcrumb"},"inLanguage":"pt-BR","potentialAction":[{"@type":"ReadAction","target":["https:\/\/femergs.com.br\/wfe\/blog\/femergs-promove-dialogo-em-sao-vicente-do-sul\/"]}]},{"@type":"ImageObject","inLanguage":"pt-BR","@id":"https:\/\/femergs.com.br\/wfe\/blog\/femergs-promove-dialogo-em-sao-vicente-do-sul\/#primaryimage","url":"https:\/\/femergs.com.br\/wfe\/wp-content\/uploads\/2025\/07\/femergs-saovicente.webp","contentUrl":"https:\/\/femergs.com.br\/wfe\/wp-content\/uploads\/2025\/07\/femergs-saovicente.webp","width":724,"height":597},{"@type":"BreadcrumbList","@id":"https:\/\/femergs.com.br\/wfe\/blog\/femergs-promove-dialogo-em-sao-vicente-do-sul\/#breadcrumb","itemListElement":[{"@type":"ListItem","position":1,"name":"In\u00edcio","item":"https:\/\/femergs.com.br\/wfe\/"},{"@type":"ListItem","position":2,"name":"FEMERGS promove di\u00e1logo em S\u00e3o Vicente do Sul"}]},{"@type":"WebSite","@id":"https:\/\/femergs.com.br\/wfe\/#website","url":"https:\/\/femergs.com.br\/wfe\/","name":"FEMERGS","description":"FEDERA\u00c7\u00c3O DOS MUNICIP\u00c1RIOS DO ESTADO DO RIO GRANDE DO SUL","publisher":{"@id":"https:\/\/femergs.com.br\/wfe\/#organization"},"potentialAction":[{"@type":"SearchAction","target":{"@type":"EntryPoint","urlTemplate":"https:\/\/femergs.com.br\/wfe\/?s={search_term_string}"},"query-input":{"@type":"PropertyValueSpecification","valueRequired":true,"valueName":"search_term_string"}}],"inLanguage":"pt-BR"},{"@type":"Organization","@id":"https:\/\/femergs.com.br\/wfe\/#organization","name":"FEMERGS","url":"https:\/\/femergs.com.br\/wfe\/","logo":{"@type":"ImageObject","inLanguage":"pt-BR","@id":"https:\/\/femergs.com.br\/wfe\/#\/schema\/logo\/image\/","url":"https:\/\/femergs.com.br\/wfe\/wp-content\/uploads\/2025\/06\/logotipo.png","contentUrl":"https:\/\/femergs.com.br\/wfe\/wp-content\/uploads\/2025\/06\/logotipo.png","width":500,"height":500,"caption":"FEMERGS"},"image":{"@id":"https:\/\/femergs.com.br\/wfe\/#\/schema\/logo\/image\/"},"sameAs":["https:\/\/www.facebook.com\/profile.php?id=100057151733001","https:\/\/www.instagram.com\/femergs_rs\/"]},{"@type":"Person","@id":"https:\/\/femergs.com.br\/wfe\/#\/schema\/person\/f5558e6b5ffc044ee085016237dedb7f","name":"adminfemergs","image":{"@type":"ImageObject","inLanguage":"pt-BR","@id":"https:\/\/femergs.com.br\/wfe\/#\/schema\/person\/image\/","url":"https:\/\/secure.gravatar.com\/avatar\/398642fa557cdd524617ad9b31c938845f071aeb3448b9c0aeb29aefc495337b?s=96&d=mm&r=g","contentUrl":"https:\/\/secure.gravatar.com\/avatar\/398642fa557cdd524617ad9b31c938845f071aeb3448b9c0aeb29aefc495337b?s=96&d=mm&r=g","caption":"adminfemergs"},"sameAs":["https:\/\/femergs.com.br\/wfe"],"url":"https:\/\/femergs.com.br\/wfe\/blog\/author\/adminfemergs\/"}]}},"uagb_featured_image_src":{"full":["https:\/\/femergs.com.br\/wfe\/wp-content\/uploads\/2025\/07\/femergs-saovicente.webp",724,597,false],"thumbnail":["https:\/\/femergs.com.br\/wfe\/wp-content\/uploads\/2025\/07\/femergs-saovicente-150x150.webp",150,150,true],"medium":["https:\/\/femergs.com.br\/wfe\/wp-content\/uploads\/2025\/07\/femergs-saovicente-300x247.webp",300,247,true],"medium_large":["https:\/\/femergs.com.br\/wfe\/wp-content\/uploads\/2025\/07\/femergs-saovicente.webp",724,597,false],"large":["https:\/\/femergs.com.br\/wfe\/wp-content\/uploads\/2025\/07\/femergs-saovicente.webp",724,597,false],"1536x1536":["https:\/\/femergs.com.br\/wfe\/wp-content\/uploads\/2025\/07\/femergs-saovicente.webp",724,597,false],"2048x2048":["https:\/\/femergs.com.br\/wfe\/wp-content\/uploads\/2025\/07\/femergs-saovicente.webp",724,597,false],"ultp_layout_landscape_large":["https:\/\/femergs.com.br\/wfe\/wp-content\/uploads\/2025\/07\/femergs-saovicente.webp",724,597,false],"ultp_layout_landscape":["https:\/\/femergs.com.br\/wfe\/wp-content\/uploads\/2025\/07\/femergs-saovicente.webp",691,570,false],"ultp_layout_portrait":["https:\/\/femergs.com.br\/wfe\/wp-content\/uploads\/2025\/07\/femergs-saovicente.webp",600,495,false],"ultp_layout_square":["https:\/\/femergs.com.br\/wfe\/wp-content\/uploads\/2025\/07\/femergs-saovicente.webp",600,495,false]},"uagb_author_info":{"display_name":"adminfemergs","author_link":"https:\/\/femergs.com.br\/wfe\/blog\/author\/adminfemergs\/"},"uagb_comment_info":0,"uagb_excerpt":"Na noite do dia 07 de janeiro de 2025, a Presidente da FEMERGS, Clarice In\u00eas Mainardi esteve no Municipio de S\u00e3o Vicente do Sul em uma reuni\u00e3o com algumas lideran\u00e7as sindicais da Regional Centro. Se fizeram presentes os Sindicatos dos Municip\u00e1rios de S\u00e3o Vicente do Sul, anfriti\u00e3 do evento, ao qual agradecemos em nome do&hellip;","_links":{"self":[{"href":"https:\/\/femergs.com.br\/wfe\/wp-json\/wp\/v2\/posts\/491","targetHints":{"allow":["GET"]}}],"collection":[{"href":"https:\/\/femergs.com.br\/wfe\/wp-json\/wp\/v2\/posts"}],"about":[{"href":"https:\/\/femergs.com.br\/wfe\/wp-json\/wp\/v2\/types\/post"}],"author":[{"embeddable":true,"href":"https:\/\/femergs.com.br\/wfe\/wp-json\/wp\/v2\/users\/1"}],"replies":[{"embeddable":true,"href":"https:\/\/femergs.com.br\/wfe\/wp-json\/wp\/v2\/comments?post=491"}],"version-history":[{"count":1,"href":"https:\/\/femergs.com.br\/wfe\/wp-json\/wp\/v2\/posts\/491\/revisions"}],"predecessor-version":[{"id":493,"href":"https:\/\/femergs.com.br\/wfe\/wp-json\/wp\/v2\/posts\/491\/revisions\/493"}],"wp:featuredmedia":[{"embeddable":true,"href":"https:\/\/femergs.com.br\/wfe\/wp-json\/wp\/v2\/media\/492"}],"wp:attachment":[{"href":"https:\/\/femergs.com.br\/wfe\/wp-json\/wp\/v2\/media?parent=491"}],"wp:term":[{"taxonomy":"category","embeddable":true,"href":"https:\/\/femergs.com.br\/wfe\/wp-json\/wp\/v2\/categories?post=491"},{"taxonomy":"post_tag","embeddable":true,"href":"https:\/\/femergs.com.br\/wfe\/wp-json\/wp\/v2\/tags?post=491"}],"curies":[{"name":"wp","href":"https:\/\/api.w.org\/{rel}","templated":true}]}}