{"id":502,"date":"2025-07-11T12:16:48","date_gmt":"2025-07-11T12:16:48","guid":{"rendered":"https:\/\/femergs.com.br\/wfe\/?p=502"},"modified":"2025-07-11T12:16:48","modified_gmt":"2025-07-11T12:16:48","slug":"carta-aberta-em-solidariedade-ao-povo-gaucho","status":"publish","type":"post","link":"https:\/\/femergs.com.br\/wfe\/blog\/carta-aberta-em-solidariedade-ao-povo-gaucho\/","title":{"rendered":"CARTA ABERTA EM SOLIDARIEDADE AO POVO GA\u00daCHO!"},"content":{"rendered":"\n<h4 class=\"wp-block-heading has-foreground-color has-text-color has-link-color wp-elements-a5e7432444e4d8d8b349c836ba09bd54\"><strong>Femergs presta solidariedade \u00e0 popula\u00e7\u00e3o do RS e prop\u00f5e reconstru\u00e7\u00e3o social ap\u00f3s trag\u00e9dia.<\/strong><\/h4>\n\n\n\n<p>Sabemos que em momentos como este a prioridade absoluta \u00e9 salvar vidas e recuperar o que perdemos, mas como Federa\u00e7\u00e3o que representa milhares de Servidores p\u00fablicos municipais, que s\u00e3o agentes de todas as obras p\u00fablicas em nossos munic\u00edpios, s\u00e3o nossos companheiros desde o Engenheiro, at\u00e9 o operador da m\u00e1quina que est\u00e3o na linha do lado da popula\u00e7\u00e3o, sa\u00fade, educa\u00e7\u00e3o, enfim, todos aqueles que est\u00e3o trabalhando na gest\u00e3o municipal como servidores p\u00fablicos. Assim como tamb\u00e9m foram os servidores p\u00fablicos municipais que prestaram os primeiros socorros neste momento, e como servidores inclu\u00edmos, Brigada Militar, Bombeiros que est\u00e3o lotados nos nossos munic\u00edpios e nos auxiliando neste momento t\u00e3o dif\u00edcil.<\/p>\n\n\n\n<p>Como Federa\u00e7\u00e3o dos Municip\u00e1rios temos acompanhado em todo o Estado relatos dram\u00e1ticos, e como entidade que acredita no Estado de Direito Democr\u00e1tico, prop\u00f5e que junto com a reconstru\u00e7\u00e3o f\u00edsica do RS, trabalhemos unidos na reconstru\u00e7\u00e3o emocional e principalmente na reconstru\u00e7\u00e3o Social do nosso Estado. Esta reconstru\u00e7\u00e3o passa pelo reconhecimento de que o que vivemos n\u00e3o \u00e9 normal, e n\u00e3o deve ser o novo normal, que em seis meses fomos abalados por eventos clim\u00e1ticos extremos, e certamente seremos novamente, ent\u00e3o como seres humanos que t\u00eam f\u00e9 na nossa cria\u00e7\u00e3o e intelig\u00eancia, possamos a partir de agora nos abrir para o aprendizado de novos caminhos, balizados em dados cient\u00edficos e j\u00e1 usados em outros pa\u00edses para que possamos salvar o m\u00e1ximo de vida e subsist\u00eancia em nosso munic\u00edpio quando precisarmos enfrentar algo assim novamente.<\/p>\n\n\n\n<p><strong>A FEMERGS<\/strong> est\u00e1 ao lado de todas as entidades filiadas para juntos iniciarmos esta discuss\u00e3o, n\u00e3o em gabinetes fechados, mas l\u00e1 na beira daquele c\u00f3rrego que nossos petroleiros conhecem como a palma da m\u00e3o, naquelas encostas e barrancas que nossos filhos e os filhos dos atingidos sabem e vivem de realidade. Vamos ao lado da comunidade encontrar novos caminhos para apresentar para os pol\u00edticos, afinal, a eles cabem executar projetos, Leis e usar o recurso p\u00fablico para garantir a seguran\u00e7a, bem-estar da popula\u00e7\u00e3o, pois os servidores p\u00fablicos ser\u00e3o protagonistas e escritores desta hist\u00f3ria, da hist\u00f3ria de nossa comunidade, se n\u00e3o podemos impedir os extremos de eventos como estes, podemos nos preparar para que eles n\u00e3o nos afetem de forma destruidora.<\/p>\n","protected":false},"excerpt":{"rendered":"<p>Femergs presta solidariedade \u00e0 popula\u00e7\u00e3o do RS e prop\u00f5e reconstru\u00e7\u00e3o social ap\u00f3s trag\u00e9dia. Sabemos que em momentos como este a prioridade absoluta \u00e9 salvar vidas e recuperar o que perdemos, mas como Federa\u00e7\u00e3o que representa milhares de Servidores p\u00fablicos municipais, que s\u00e3o agentes de todas as obras p\u00fablicas em nossos munic\u00edpios, s\u00e3o nossos companheiros desde [&hellip;]<\/p>\n","protected":false},"author":1,"featured_media":0,"comment_status":"open","ping_status":"open","sticky":false,"template":"","format":"standard","meta":{"_eb_attr":"","_uag_custom_page_level_css":"","fifu_image_url":"","fifu_image_alt":"","footnotes":""},"categories":[12],"tags":[21,23,19,22],"class_list":["post-502","post","type-post","status-publish","format-standard","hentry","category-artigos","tag-artigo","tag-carta","tag-femergs","tag-solidariedade"],"yoast_head":"<!-- This site is optimized with the Yoast SEO plugin v27.1.1 - https:\/\/yoast.com\/product\/yoast-seo-wordpress\/ -->\n<title>CARTA ABERTA EM SOLIDARIEDADE AO POVO GA\u00daCHO! - Federa\u00e7\u00e3o dos Municip\u00e1rios do Estado do Rio Grande do Sul<\/title>\n<meta name=\"robots\" content=\"index, follow, max-snippet:-1, max-image-preview:large, max-video-preview:-1\" \/>\n<link rel=\"canonical\" href=\"https:\/\/femergs.com.br\/wfe\/blog\/carta-aberta-em-solidariedade-ao-povo-gaucho\/\" \/>\n<meta property=\"og:locale\" content=\"pt_BR\" \/>\n<meta property=\"og:type\" content=\"article\" \/>\n<meta property=\"og:title\" content=\"CARTA ABERTA EM SOLIDARIEDADE AO POVO GA\u00daCHO! - Federa\u00e7\u00e3o dos Municip\u00e1rios do Estado do Rio Grande do Sul\" \/>\n<meta property=\"og:description\" content=\"Femergs presta solidariedade \u00e0 popula\u00e7\u00e3o do RS e prop\u00f5e reconstru\u00e7\u00e3o social ap\u00f3s trag\u00e9dia. Sabemos que em momentos como este a prioridade absoluta \u00e9 salvar vidas e recuperar o que perdemos, mas como Federa\u00e7\u00e3o que representa milhares de Servidores p\u00fablicos municipais, que s\u00e3o agentes de todas as obras p\u00fablicas em nossos munic\u00edpios, s\u00e3o nossos companheiros desde [&hellip;]\" \/>\n<meta property=\"og:url\" content=\"https:\/\/femergs.com.br\/wfe\/blog\/carta-aberta-em-solidariedade-ao-povo-gaucho\/\" \/>\n<meta property=\"og:site_name\" content=\"Federa\u00e7\u00e3o dos Municip\u00e1rios do Estado do Rio Grande do Sul\" \/>\n<meta property=\"article:publisher\" content=\"https:\/\/www.facebook.com\/profile.php?id=100057151733001\" \/>\n<meta property=\"article:published_time\" content=\"2025-07-11T12:16:48+00:00\" \/>\n<meta name=\"author\" content=\"adminfemergs\" \/>\n<meta name=\"twitter:card\" content=\"summary_large_image\" \/>\n<meta name=\"twitter:label1\" content=\"Escrito por\" \/>\n\t<meta name=\"twitter:data1\" content=\"adminfemergs\" \/>\n\t<meta name=\"twitter:label2\" content=\"Est. tempo de leitura\" \/>\n\t<meta name=\"twitter:data2\" content=\"3 minutos\" \/>\n<script type=\"application\/ld+json\" class=\"yoast-schema-graph\">{\"@context\":\"https:\/\/schema.org\",\"@graph\":[{\"@type\":\"Article\",\"@id\":\"https:\/\/femergs.com.br\/wfe\/blog\/carta-aberta-em-solidariedade-ao-povo-gaucho\/#article\",\"isPartOf\":{\"@id\":\"https:\/\/femergs.com.br\/wfe\/blog\/carta-aberta-em-solidariedade-ao-povo-gaucho\/\"},\"author\":{\"name\":\"adminfemergs\",\"@id\":\"https:\/\/femergs.com.br\/wfe\/#\/schema\/person\/f5558e6b5ffc044ee085016237dedb7f\"},\"headline\":\"CARTA ABERTA EM SOLIDARIEDADE AO POVO GA\u00daCHO!\",\"datePublished\":\"2025-07-11T12:16:48+00:00\",\"mainEntityOfPage\":{\"@id\":\"https:\/\/femergs.com.br\/wfe\/blog\/carta-aberta-em-solidariedade-ao-povo-gaucho\/\"},\"wordCount\":438,\"commentCount\":0,\"publisher\":{\"@id\":\"https:\/\/femergs.com.br\/wfe\/#organization\"},\"keywords\":[\"artigo\",\"carta\",\"femergs\",\"solidariedade\"],\"articleSection\":[\"Artigos\"],\"inLanguage\":\"pt-BR\",\"potentialAction\":[{\"@type\":\"CommentAction\",\"name\":\"Comment\",\"target\":[\"https:\/\/femergs.com.br\/wfe\/blog\/carta-aberta-em-solidariedade-ao-povo-gaucho\/#respond\"]}]},{\"@type\":\"WebPage\",\"@id\":\"https:\/\/femergs.com.br\/wfe\/blog\/carta-aberta-em-solidariedade-ao-povo-gaucho\/\",\"url\":\"https:\/\/femergs.com.br\/wfe\/blog\/carta-aberta-em-solidariedade-ao-povo-gaucho\/\",\"name\":\"CARTA ABERTA EM SOLIDARIEDADE AO POVO GA\u00daCHO! - Federa\u00e7\u00e3o dos Municip\u00e1rios do Estado do Rio Grande do Sul\",\"isPartOf\":{\"@id\":\"https:\/\/femergs.com.br\/wfe\/#website\"},\"datePublished\":\"2025-07-11T12:16:48+00:00\",\"breadcrumb\":{\"@id\":\"https:\/\/femergs.com.br\/wfe\/blog\/carta-aberta-em-solidariedade-ao-povo-gaucho\/#breadcrumb\"},\"inLanguage\":\"pt-BR\",\"potentialAction\":[{\"@type\":\"ReadAction\",\"target\":[\"https:\/\/femergs.com.br\/wfe\/blog\/carta-aberta-em-solidariedade-ao-povo-gaucho\/\"]}]},{\"@type\":\"BreadcrumbList\",\"@id\":\"https:\/\/femergs.com.br\/wfe\/blog\/carta-aberta-em-solidariedade-ao-povo-gaucho\/#breadcrumb\",\"itemListElement\":[{\"@type\":\"ListItem\",\"position\":1,\"name\":\"In\u00edcio\",\"item\":\"https:\/\/femergs.com.br\/wfe\/\"},{\"@type\":\"ListItem\",\"position\":2,\"name\":\"CARTA ABERTA EM SOLIDARIEDADE AO POVO GA\u00daCHO!\"}]},{\"@type\":\"WebSite\",\"@id\":\"https:\/\/femergs.com.br\/wfe\/#website\",\"url\":\"https:\/\/femergs.com.br\/wfe\/\",\"name\":\"FEMERGS\",\"description\":\"FEDERA\u00c7\u00c3O DOS MUNICIP\u00c1RIOS DO ESTADO DO RIO GRANDE DO SUL\",\"publisher\":{\"@id\":\"https:\/\/femergs.com.br\/wfe\/#organization\"},\"potentialAction\":[{\"@type\":\"SearchAction\",\"target\":{\"@type\":\"EntryPoint\",\"urlTemplate\":\"https:\/\/femergs.com.br\/wfe\/?s={search_term_string}\"},\"query-input\":{\"@type\":\"PropertyValueSpecification\",\"valueRequired\":true,\"valueName\":\"search_term_string\"}}],\"inLanguage\":\"pt-BR\"},{\"@type\":\"Organization\",\"@id\":\"https:\/\/femergs.com.br\/wfe\/#organization\",\"name\":\"FEMERGS\",\"url\":\"https:\/\/femergs.com.br\/wfe\/\",\"logo\":{\"@type\":\"ImageObject\",\"inLanguage\":\"pt-BR\",\"@id\":\"https:\/\/femergs.com.br\/wfe\/#\/schema\/logo\/image\/\",\"url\":\"https:\/\/femergs.com.br\/wfe\/wp-content\/uploads\/2025\/06\/logotipo.png\",\"contentUrl\":\"https:\/\/femergs.com.br\/wfe\/wp-content\/uploads\/2025\/06\/logotipo.png\",\"width\":500,\"height\":500,\"caption\":\"FEMERGS\"},\"image\":{\"@id\":\"https:\/\/femergs.com.br\/wfe\/#\/schema\/logo\/image\/\"},\"sameAs\":[\"https:\/\/www.facebook.com\/profile.php?id=100057151733001\",\"https:\/\/www.instagram.com\/femergs_rs\/\"]},{\"@type\":\"Person\",\"@id\":\"https:\/\/femergs.com.br\/wfe\/#\/schema\/person\/f5558e6b5ffc044ee085016237dedb7f\",\"name\":\"adminfemergs\",\"image\":{\"@type\":\"ImageObject\",\"inLanguage\":\"pt-BR\",\"@id\":\"https:\/\/femergs.com.br\/wfe\/#\/schema\/person\/image\/\",\"url\":\"https:\/\/secure.gravatar.com\/avatar\/398642fa557cdd524617ad9b31c938845f071aeb3448b9c0aeb29aefc495337b?s=96&d=mm&r=g\",\"contentUrl\":\"https:\/\/secure.gravatar.com\/avatar\/398642fa557cdd524617ad9b31c938845f071aeb3448b9c0aeb29aefc495337b?s=96&d=mm&r=g\",\"caption\":\"adminfemergs\"},\"sameAs\":[\"https:\/\/femergs.com.br\/wfe\"],\"url\":\"https:\/\/femergs.com.br\/wfe\/blog\/author\/adminfemergs\/\"}]}<\/script>\n<!-- \/ Yoast SEO plugin. -->","yoast_head_json":{"title":"CARTA ABERTA EM SOLIDARIEDADE AO POVO GA\u00daCHO! - Federa\u00e7\u00e3o dos Municip\u00e1rios do Estado do Rio Grande do Sul","robots":{"index":"index","follow":"follow","max-snippet":"max-snippet:-1","max-image-preview":"max-image-preview:large","max-video-preview":"max-video-preview:-1"},"canonical":"https:\/\/femergs.com.br\/wfe\/blog\/carta-aberta-em-solidariedade-ao-povo-gaucho\/","og_locale":"pt_BR","og_type":"article","og_title":"CARTA ABERTA EM SOLIDARIEDADE AO POVO GA\u00daCHO! - Federa\u00e7\u00e3o dos Municip\u00e1rios do Estado do Rio Grande do Sul","og_description":"Femergs presta solidariedade \u00e0 popula\u00e7\u00e3o do RS e prop\u00f5e reconstru\u00e7\u00e3o social ap\u00f3s trag\u00e9dia. Sabemos que em momentos como este a prioridade absoluta \u00e9 salvar vidas e recuperar o que perdemos, mas como Federa\u00e7\u00e3o que representa milhares de Servidores p\u00fablicos municipais, que s\u00e3o agentes de todas as obras p\u00fablicas em nossos munic\u00edpios, s\u00e3o nossos companheiros desde [&hellip;]","og_url":"https:\/\/femergs.com.br\/wfe\/blog\/carta-aberta-em-solidariedade-ao-povo-gaucho\/","og_site_name":"Federa\u00e7\u00e3o dos Municip\u00e1rios do Estado do Rio Grande do Sul","article_publisher":"https:\/\/www.facebook.com\/profile.php?id=100057151733001","article_published_time":"2025-07-11T12:16:48+00:00","author":"adminfemergs","twitter_card":"summary_large_image","twitter_misc":{"Escrito por":"adminfemergs","Est. tempo de leitura":"3 minutos"},"schema":{"@context":"https:\/\/schema.org","@graph":[{"@type":"Article","@id":"https:\/\/femergs.com.br\/wfe\/blog\/carta-aberta-em-solidariedade-ao-povo-gaucho\/#article","isPartOf":{"@id":"https:\/\/femergs.com.br\/wfe\/blog\/carta-aberta-em-solidariedade-ao-povo-gaucho\/"},"author":{"name":"adminfemergs","@id":"https:\/\/femergs.com.br\/wfe\/#\/schema\/person\/f5558e6b5ffc044ee085016237dedb7f"},"headline":"CARTA ABERTA EM SOLIDARIEDADE AO POVO GA\u00daCHO!","datePublished":"2025-07-11T12:16:48+00:00","mainEntityOfPage":{"@id":"https:\/\/femergs.com.br\/wfe\/blog\/carta-aberta-em-solidariedade-ao-povo-gaucho\/"},"wordCount":438,"commentCount":0,"publisher":{"@id":"https:\/\/femergs.com.br\/wfe\/#organization"},"keywords":["artigo","carta","femergs","solidariedade"],"articleSection":["Artigos"],"inLanguage":"pt-BR","potentialAction":[{"@type":"CommentAction","name":"Comment","target":["https:\/\/femergs.com.br\/wfe\/blog\/carta-aberta-em-solidariedade-ao-povo-gaucho\/#respond"]}]},{"@type":"WebPage","@id":"https:\/\/femergs.com.br\/wfe\/blog\/carta-aberta-em-solidariedade-ao-povo-gaucho\/","url":"https:\/\/femergs.com.br\/wfe\/blog\/carta-aberta-em-solidariedade-ao-povo-gaucho\/","name":"CARTA ABERTA EM SOLIDARIEDADE AO POVO GA\u00daCHO! - Federa\u00e7\u00e3o dos Municip\u00e1rios do Estado do Rio Grande do Sul","isPartOf":{"@id":"https:\/\/femergs.com.br\/wfe\/#website"},"datePublished":"2025-07-11T12:16:48+00:00","breadcrumb":{"@id":"https:\/\/femergs.com.br\/wfe\/blog\/carta-aberta-em-solidariedade-ao-povo-gaucho\/#breadcrumb"},"inLanguage":"pt-BR","potentialAction":[{"@type":"ReadAction","target":["https:\/\/femergs.com.br\/wfe\/blog\/carta-aberta-em-solidariedade-ao-povo-gaucho\/"]}]},{"@type":"BreadcrumbList","@id":"https:\/\/femergs.com.br\/wfe\/blog\/carta-aberta-em-solidariedade-ao-povo-gaucho\/#breadcrumb","itemListElement":[{"@type":"ListItem","position":1,"name":"In\u00edcio","item":"https:\/\/femergs.com.br\/wfe\/"},{"@type":"ListItem","position":2,"name":"CARTA ABERTA EM SOLIDARIEDADE AO POVO GA\u00daCHO!"}]},{"@type":"WebSite","@id":"https:\/\/femergs.com.br\/wfe\/#website","url":"https:\/\/femergs.com.br\/wfe\/","name":"FEMERGS","description":"FEDERA\u00c7\u00c3O DOS MUNICIP\u00c1RIOS DO ESTADO DO RIO GRANDE DO SUL","publisher":{"@id":"https:\/\/femergs.com.br\/wfe\/#organization"},"potentialAction":[{"@type":"SearchAction","target":{"@type":"EntryPoint","urlTemplate":"https:\/\/femergs.com.br\/wfe\/?s={search_term_string}"},"query-input":{"@type":"PropertyValueSpecification","valueRequired":true,"valueName":"search_term_string"}}],"inLanguage":"pt-BR"},{"@type":"Organization","@id":"https:\/\/femergs.com.br\/wfe\/#organization","name":"FEMERGS","url":"https:\/\/femergs.com.br\/wfe\/","logo":{"@type":"ImageObject","inLanguage":"pt-BR","@id":"https:\/\/femergs.com.br\/wfe\/#\/schema\/logo\/image\/","url":"https:\/\/femergs.com.br\/wfe\/wp-content\/uploads\/2025\/06\/logotipo.png","contentUrl":"https:\/\/femergs.com.br\/wfe\/wp-content\/uploads\/2025\/06\/logotipo.png","width":500,"height":500,"caption":"FEMERGS"},"image":{"@id":"https:\/\/femergs.com.br\/wfe\/#\/schema\/logo\/image\/"},"sameAs":["https:\/\/www.facebook.com\/profile.php?id=100057151733001","https:\/\/www.instagram.com\/femergs_rs\/"]},{"@type":"Person","@id":"https:\/\/femergs.com.br\/wfe\/#\/schema\/person\/f5558e6b5ffc044ee085016237dedb7f","name":"adminfemergs","image":{"@type":"ImageObject","inLanguage":"pt-BR","@id":"https:\/\/femergs.com.br\/wfe\/#\/schema\/person\/image\/","url":"https:\/\/secure.gravatar.com\/avatar\/398642fa557cdd524617ad9b31c938845f071aeb3448b9c0aeb29aefc495337b?s=96&d=mm&r=g","contentUrl":"https:\/\/secure.gravatar.com\/avatar\/398642fa557cdd524617ad9b31c938845f071aeb3448b9c0aeb29aefc495337b?s=96&d=mm&r=g","caption":"adminfemergs"},"sameAs":["https:\/\/femergs.com.br\/wfe"],"url":"https:\/\/femergs.com.br\/wfe\/blog\/author\/adminfemergs\/"}]}},"uagb_featured_image_src":{"full":false,"thumbnail":false,"medium":false,"medium_large":false,"large":false,"1536x1536":false,"2048x2048":false,"ultp_layout_landscape_large":false,"ultp_layout_landscape":false,"ultp_layout_portrait":false,"ultp_layout_square":false},"uagb_author_info":{"display_name":"adminfemergs","author_link":"https:\/\/femergs.com.br\/wfe\/blog\/author\/adminfemergs\/"},"uagb_comment_info":0,"uagb_excerpt":"Femergs presta solidariedade \u00e0 popula\u00e7\u00e3o do RS e prop\u00f5e reconstru\u00e7\u00e3o social ap\u00f3s trag\u00e9dia. Sabemos que em momentos como este a prioridade absoluta \u00e9 salvar vidas e recuperar o que perdemos, mas como Federa\u00e7\u00e3o que representa milhares de Servidores p\u00fablicos municipais, que s\u00e3o agentes de todas as obras p\u00fablicas em nossos munic\u00edpios, s\u00e3o nossos companheiros desde&hellip;","_links":{"self":[{"href":"https:\/\/femergs.com.br\/wfe\/wp-json\/wp\/v2\/posts\/502","targetHints":{"allow":["GET"]}}],"collection":[{"href":"https:\/\/femergs.com.br\/wfe\/wp-json\/wp\/v2\/posts"}],"about":[{"href":"https:\/\/femergs.com.br\/wfe\/wp-json\/wp\/v2\/types\/post"}],"author":[{"embeddable":true,"href":"https:\/\/femergs.com.br\/wfe\/wp-json\/wp\/v2\/users\/1"}],"replies":[{"embeddable":true,"href":"https:\/\/femergs.com.br\/wfe\/wp-json\/wp\/v2\/comments?post=502"}],"version-history":[{"count":1,"href":"https:\/\/femergs.com.br\/wfe\/wp-json\/wp\/v2\/posts\/502\/revisions"}],"predecessor-version":[{"id":503,"href":"https:\/\/femergs.com.br\/wfe\/wp-json\/wp\/v2\/posts\/502\/revisions\/503"}],"wp:attachment":[{"href":"https:\/\/femergs.com.br\/wfe\/wp-json\/wp\/v2\/media?parent=502"}],"wp:term":[{"taxonomy":"category","embeddable":true,"href":"https:\/\/femergs.com.br\/wfe\/wp-json\/wp\/v2\/categories?post=502"},{"taxonomy":"post_tag","embeddable":true,"href":"https:\/\/femergs.com.br\/wfe\/wp-json\/wp\/v2\/tags?post=502"}],"curies":[{"name":"wp","href":"https:\/\/api.w.org\/{rel}","templated":true}]}}