{"id":513,"date":"2021-08-05T13:03:00","date_gmt":"2021-08-05T13:03:00","guid":{"rendered":"https:\/\/femergs.com.br\/wfe\/?p=513"},"modified":"2025-07-11T13:05:41","modified_gmt":"2025-07-11T13:05:41","slug":"reforma-administrativa-futuro-sombrio-para-o-brasil","status":"publish","type":"post","link":"https:\/\/femergs.com.br\/wfe\/blog\/reforma-administrativa-futuro-sombrio-para-o-brasil\/","title":{"rendered":"REFORMA ADMINISTRATIVA: FUTURO SOMBRIO PARA O BRASIL"},"content":{"rendered":"\n<p>???? Se for aprovada, a Reforma Administrativa (PEC 32\/2020) vai jogar o Brasil em um per\u00edodo de trevas!<\/p>\n\n\n\n<p><br>???? O primeiro passo \u00e9 destruir os servidores p\u00fablicos, cuja fun\u00e7\u00e3o \u00e9 salvaguardar os direitos do povo (que s\u00e3o assegurados pelo Estado por meio dos servi\u00e7os p\u00fablicos).<\/p>\n\n\n\n<p><br>???? Eliminar os servidores \u00e9 tirar um \u201cobst\u00e1culo\u201d do caminho rumo ao aparelhamento pol\u00edtico do Estado.<br>O segundo passo \u00e9 transformar os servi\u00e7os p\u00fablicos em mercadorias, para que empres\u00e1rios gananciosos lucrem sobre as necessidades da popula\u00e7\u00e3o.<\/p>\n\n\n\n<p><br>???? Nosso pa\u00eds j\u00e1 passa por tantas diculdades, especialmente pela falta de pessoal no servi\u00e7o p\u00fablico para fazer o atendimento nas \u00e1reas essenciais, como sa\u00fade, educa\u00e7\u00e3o e seguran\u00e7a. Mas o governo quer reduzir ainda mais.<\/p>\n\n\n\n<p><br>Barrar a Reforma Administrativa \u00e9 proteger os direitos do povo e evitar que o Brasil seja colocado em um novo ciclo de sofrimento.<\/p>\n\n\n\n<p><br><strong>? Por isso, diga N\u00c3O \u00e0 PEC 32\/2020, e SIM ao servi\u00e7o p\u00fablico! Ele \u00e9 para todos!<\/strong><\/p>\n","protected":false},"excerpt":{"rendered":"<p>???? Se for aprovada, a Reforma Administrativa (PEC 32\/2020) vai jogar o Brasil em um per\u00edodo de trevas! ???? O primeiro passo \u00e9 destruir os servidores p\u00fablicos, cuja fun\u00e7\u00e3o \u00e9 salvaguardar os direitos do povo (que s\u00e3o assegurados pelo Estado por meio dos servi\u00e7os p\u00fablicos). ???? Eliminar os servidores \u00e9 tirar um \u201cobst\u00e1culo\u201d do caminho [&hellip;]<\/p>\n","protected":false},"author":1,"featured_media":0,"comment_status":"open","ping_status":"open","sticky":false,"template":"","format":"standard","meta":{"_eb_attr":"","_uag_custom_page_level_css":"","fifu_image_url":"","fifu_image_alt":"","footnotes":""},"categories":[12],"tags":[25,21,26,19,24],"class_list":["post-513","post","type-post","status-publish","format-standard","hentry","category-artigos","tag-administrativa","tag-artigo","tag-brasil","tag-femergs","tag-reforma"],"yoast_head":"<!-- This site is optimized with the Yoast SEO plugin v27.1.1 - https:\/\/yoast.com\/product\/yoast-seo-wordpress\/ -->\n<title>REFORMA ADMINISTRATIVA: FUTURO SOMBRIO PARA O BRASIL - Federa\u00e7\u00e3o dos Municip\u00e1rios do Estado do Rio Grande do Sul<\/title>\n<meta name=\"robots\" content=\"index, follow, max-snippet:-1, max-image-preview:large, max-video-preview:-1\" \/>\n<link rel=\"canonical\" href=\"https:\/\/femergs.com.br\/wfe\/blog\/reforma-administrativa-futuro-sombrio-para-o-brasil\/\" \/>\n<meta property=\"og:locale\" content=\"pt_BR\" \/>\n<meta property=\"og:type\" content=\"article\" \/>\n<meta property=\"og:title\" content=\"REFORMA ADMINISTRATIVA: FUTURO SOMBRIO PARA O BRASIL - Federa\u00e7\u00e3o dos Municip\u00e1rios do Estado do Rio Grande do Sul\" \/>\n<meta property=\"og:description\" content=\"???? Se for aprovada, a Reforma Administrativa (PEC 32\/2020) vai jogar o Brasil em um per\u00edodo de trevas! ???? O primeiro passo \u00e9 destruir os servidores p\u00fablicos, cuja fun\u00e7\u00e3o \u00e9 salvaguardar os direitos do povo (que s\u00e3o assegurados pelo Estado por meio dos servi\u00e7os p\u00fablicos). ???? Eliminar os servidores \u00e9 tirar um \u201cobst\u00e1culo\u201d do caminho [&hellip;]\" \/>\n<meta property=\"og:url\" content=\"https:\/\/femergs.com.br\/wfe\/blog\/reforma-administrativa-futuro-sombrio-para-o-brasil\/\" \/>\n<meta property=\"og:site_name\" content=\"Federa\u00e7\u00e3o dos Municip\u00e1rios do Estado do Rio Grande do Sul\" \/>\n<meta property=\"article:publisher\" content=\"https:\/\/www.facebook.com\/profile.php?id=100057151733001\" \/>\n<meta property=\"article:published_time\" content=\"2021-08-05T13:03:00+00:00\" \/>\n<meta property=\"article:modified_time\" content=\"2025-07-11T13:05:41+00:00\" \/>\n<meta name=\"author\" content=\"adminfemergs\" \/>\n<meta name=\"twitter:card\" content=\"summary_large_image\" \/>\n<meta name=\"twitter:label1\" content=\"Escrito por\" \/>\n\t<meta name=\"twitter:data1\" content=\"adminfemergs\" \/>\n\t<meta name=\"twitter:label2\" content=\"Est. tempo de leitura\" \/>\n\t<meta name=\"twitter:data2\" content=\"1 minuto\" \/>\n<script type=\"application\/ld+json\" class=\"yoast-schema-graph\">{\"@context\":\"https:\/\/schema.org\",\"@graph\":[{\"@type\":\"Article\",\"@id\":\"https:\/\/femergs.com.br\/wfe\/blog\/reforma-administrativa-futuro-sombrio-para-o-brasil\/#article\",\"isPartOf\":{\"@id\":\"https:\/\/femergs.com.br\/wfe\/blog\/reforma-administrativa-futuro-sombrio-para-o-brasil\/\"},\"author\":{\"name\":\"adminfemergs\",\"@id\":\"https:\/\/femergs.com.br\/wfe\/#\/schema\/person\/f5558e6b5ffc044ee085016237dedb7f\"},\"headline\":\"REFORMA ADMINISTRATIVA: FUTURO SOMBRIO PARA O BRASIL\",\"datePublished\":\"2021-08-05T13:03:00+00:00\",\"dateModified\":\"2025-07-11T13:05:41+00:00\",\"mainEntityOfPage\":{\"@id\":\"https:\/\/femergs.com.br\/wfe\/blog\/reforma-administrativa-futuro-sombrio-para-o-brasil\/\"},\"wordCount\":170,\"commentCount\":0,\"publisher\":{\"@id\":\"https:\/\/femergs.com.br\/wfe\/#organization\"},\"keywords\":[\"ADMINISTRATIVA\",\"artigo\",\"BRASIL\",\"femergs\",\"REFORMA\"],\"articleSection\":[\"Artigos\"],\"inLanguage\":\"pt-BR\",\"potentialAction\":[{\"@type\":\"CommentAction\",\"name\":\"Comment\",\"target\":[\"https:\/\/femergs.com.br\/wfe\/blog\/reforma-administrativa-futuro-sombrio-para-o-brasil\/#respond\"]}]},{\"@type\":\"WebPage\",\"@id\":\"https:\/\/femergs.com.br\/wfe\/blog\/reforma-administrativa-futuro-sombrio-para-o-brasil\/\",\"url\":\"https:\/\/femergs.com.br\/wfe\/blog\/reforma-administrativa-futuro-sombrio-para-o-brasil\/\",\"name\":\"REFORMA ADMINISTRATIVA: FUTURO SOMBRIO PARA O BRASIL - Federa\u00e7\u00e3o dos Municip\u00e1rios do Estado do Rio Grande do Sul\",\"isPartOf\":{\"@id\":\"https:\/\/femergs.com.br\/wfe\/#website\"},\"datePublished\":\"2021-08-05T13:03:00+00:00\",\"dateModified\":\"2025-07-11T13:05:41+00:00\",\"breadcrumb\":{\"@id\":\"https:\/\/femergs.com.br\/wfe\/blog\/reforma-administrativa-futuro-sombrio-para-o-brasil\/#breadcrumb\"},\"inLanguage\":\"pt-BR\",\"potentialAction\":[{\"@type\":\"ReadAction\",\"target\":[\"https:\/\/femergs.com.br\/wfe\/blog\/reforma-administrativa-futuro-sombrio-para-o-brasil\/\"]}]},{\"@type\":\"BreadcrumbList\",\"@id\":\"https:\/\/femergs.com.br\/wfe\/blog\/reforma-administrativa-futuro-sombrio-para-o-brasil\/#breadcrumb\",\"itemListElement\":[{\"@type\":\"ListItem\",\"position\":1,\"name\":\"In\u00edcio\",\"item\":\"https:\/\/femergs.com.br\/wfe\/\"},{\"@type\":\"ListItem\",\"position\":2,\"name\":\"REFORMA ADMINISTRATIVA: FUTURO SOMBRIO PARA O BRASIL\"}]},{\"@type\":\"WebSite\",\"@id\":\"https:\/\/femergs.com.br\/wfe\/#website\",\"url\":\"https:\/\/femergs.com.br\/wfe\/\",\"name\":\"FEMERGS\",\"description\":\"FEDERA\u00c7\u00c3O DOS MUNICIP\u00c1RIOS DO ESTADO DO RIO GRANDE DO SUL\",\"publisher\":{\"@id\":\"https:\/\/femergs.com.br\/wfe\/#organization\"},\"potentialAction\":[{\"@type\":\"SearchAction\",\"target\":{\"@type\":\"EntryPoint\",\"urlTemplate\":\"https:\/\/femergs.com.br\/wfe\/?s={search_term_string}\"},\"query-input\":{\"@type\":\"PropertyValueSpecification\",\"valueRequired\":true,\"valueName\":\"search_term_string\"}}],\"inLanguage\":\"pt-BR\"},{\"@type\":\"Organization\",\"@id\":\"https:\/\/femergs.com.br\/wfe\/#organization\",\"name\":\"FEMERGS\",\"url\":\"https:\/\/femergs.com.br\/wfe\/\",\"logo\":{\"@type\":\"ImageObject\",\"inLanguage\":\"pt-BR\",\"@id\":\"https:\/\/femergs.com.br\/wfe\/#\/schema\/logo\/image\/\",\"url\":\"https:\/\/femergs.com.br\/wfe\/wp-content\/uploads\/2025\/06\/logotipo.png\",\"contentUrl\":\"https:\/\/femergs.com.br\/wfe\/wp-content\/uploads\/2025\/06\/logotipo.png\",\"width\":500,\"height\":500,\"caption\":\"FEMERGS\"},\"image\":{\"@id\":\"https:\/\/femergs.com.br\/wfe\/#\/schema\/logo\/image\/\"},\"sameAs\":[\"https:\/\/www.facebook.com\/profile.php?id=100057151733001\",\"https:\/\/www.instagram.com\/femergs_rs\/\"]},{\"@type\":\"Person\",\"@id\":\"https:\/\/femergs.com.br\/wfe\/#\/schema\/person\/f5558e6b5ffc044ee085016237dedb7f\",\"name\":\"adminfemergs\",\"image\":{\"@type\":\"ImageObject\",\"inLanguage\":\"pt-BR\",\"@id\":\"https:\/\/femergs.com.br\/wfe\/#\/schema\/person\/image\/\",\"url\":\"https:\/\/secure.gravatar.com\/avatar\/398642fa557cdd524617ad9b31c938845f071aeb3448b9c0aeb29aefc495337b?s=96&d=mm&r=g\",\"contentUrl\":\"https:\/\/secure.gravatar.com\/avatar\/398642fa557cdd524617ad9b31c938845f071aeb3448b9c0aeb29aefc495337b?s=96&d=mm&r=g\",\"caption\":\"adminfemergs\"},\"sameAs\":[\"https:\/\/femergs.com.br\/wfe\"],\"url\":\"https:\/\/femergs.com.br\/wfe\/blog\/author\/adminfemergs\/\"}]}<\/script>\n<!-- \/ Yoast SEO plugin. -->","yoast_head_json":{"title":"REFORMA ADMINISTRATIVA: FUTURO SOMBRIO PARA O BRASIL - Federa\u00e7\u00e3o dos Municip\u00e1rios do Estado do Rio Grande do Sul","robots":{"index":"index","follow":"follow","max-snippet":"max-snippet:-1","max-image-preview":"max-image-preview:large","max-video-preview":"max-video-preview:-1"},"canonical":"https:\/\/femergs.com.br\/wfe\/blog\/reforma-administrativa-futuro-sombrio-para-o-brasil\/","og_locale":"pt_BR","og_type":"article","og_title":"REFORMA ADMINISTRATIVA: FUTURO SOMBRIO PARA O BRASIL - Federa\u00e7\u00e3o dos Municip\u00e1rios do Estado do Rio Grande do Sul","og_description":"???? Se for aprovada, a Reforma Administrativa (PEC 32\/2020) vai jogar o Brasil em um per\u00edodo de trevas! ???? O primeiro passo \u00e9 destruir os servidores p\u00fablicos, cuja fun\u00e7\u00e3o \u00e9 salvaguardar os direitos do povo (que s\u00e3o assegurados pelo Estado por meio dos servi\u00e7os p\u00fablicos). ???? Eliminar os servidores \u00e9 tirar um \u201cobst\u00e1culo\u201d do caminho [&hellip;]","og_url":"https:\/\/femergs.com.br\/wfe\/blog\/reforma-administrativa-futuro-sombrio-para-o-brasil\/","og_site_name":"Federa\u00e7\u00e3o dos Municip\u00e1rios do Estado do Rio Grande do Sul","article_publisher":"https:\/\/www.facebook.com\/profile.php?id=100057151733001","article_published_time":"2021-08-05T13:03:00+00:00","article_modified_time":"2025-07-11T13:05:41+00:00","author":"adminfemergs","twitter_card":"summary_large_image","twitter_misc":{"Escrito por":"adminfemergs","Est. tempo de leitura":"1 minuto"},"schema":{"@context":"https:\/\/schema.org","@graph":[{"@type":"Article","@id":"https:\/\/femergs.com.br\/wfe\/blog\/reforma-administrativa-futuro-sombrio-para-o-brasil\/#article","isPartOf":{"@id":"https:\/\/femergs.com.br\/wfe\/blog\/reforma-administrativa-futuro-sombrio-para-o-brasil\/"},"author":{"name":"adminfemergs","@id":"https:\/\/femergs.com.br\/wfe\/#\/schema\/person\/f5558e6b5ffc044ee085016237dedb7f"},"headline":"REFORMA ADMINISTRATIVA: FUTURO SOMBRIO PARA O BRASIL","datePublished":"2021-08-05T13:03:00+00:00","dateModified":"2025-07-11T13:05:41+00:00","mainEntityOfPage":{"@id":"https:\/\/femergs.com.br\/wfe\/blog\/reforma-administrativa-futuro-sombrio-para-o-brasil\/"},"wordCount":170,"commentCount":0,"publisher":{"@id":"https:\/\/femergs.com.br\/wfe\/#organization"},"keywords":["ADMINISTRATIVA","artigo","BRASIL","femergs","REFORMA"],"articleSection":["Artigos"],"inLanguage":"pt-BR","potentialAction":[{"@type":"CommentAction","name":"Comment","target":["https:\/\/femergs.com.br\/wfe\/blog\/reforma-administrativa-futuro-sombrio-para-o-brasil\/#respond"]}]},{"@type":"WebPage","@id":"https:\/\/femergs.com.br\/wfe\/blog\/reforma-administrativa-futuro-sombrio-para-o-brasil\/","url":"https:\/\/femergs.com.br\/wfe\/blog\/reforma-administrativa-futuro-sombrio-para-o-brasil\/","name":"REFORMA ADMINISTRATIVA: FUTURO SOMBRIO PARA O BRASIL - Federa\u00e7\u00e3o dos Municip\u00e1rios do Estado do Rio Grande do Sul","isPartOf":{"@id":"https:\/\/femergs.com.br\/wfe\/#website"},"datePublished":"2021-08-05T13:03:00+00:00","dateModified":"2025-07-11T13:05:41+00:00","breadcrumb":{"@id":"https:\/\/femergs.com.br\/wfe\/blog\/reforma-administrativa-futuro-sombrio-para-o-brasil\/#breadcrumb"},"inLanguage":"pt-BR","potentialAction":[{"@type":"ReadAction","target":["https:\/\/femergs.com.br\/wfe\/blog\/reforma-administrativa-futuro-sombrio-para-o-brasil\/"]}]},{"@type":"BreadcrumbList","@id":"https:\/\/femergs.com.br\/wfe\/blog\/reforma-administrativa-futuro-sombrio-para-o-brasil\/#breadcrumb","itemListElement":[{"@type":"ListItem","position":1,"name":"In\u00edcio","item":"https:\/\/femergs.com.br\/wfe\/"},{"@type":"ListItem","position":2,"name":"REFORMA ADMINISTRATIVA: FUTURO SOMBRIO PARA O BRASIL"}]},{"@type":"WebSite","@id":"https:\/\/femergs.com.br\/wfe\/#website","url":"https:\/\/femergs.com.br\/wfe\/","name":"FEMERGS","description":"FEDERA\u00c7\u00c3O DOS MUNICIP\u00c1RIOS DO ESTADO DO RIO GRANDE DO SUL","publisher":{"@id":"https:\/\/femergs.com.br\/wfe\/#organization"},"potentialAction":[{"@type":"SearchAction","target":{"@type":"EntryPoint","urlTemplate":"https:\/\/femergs.com.br\/wfe\/?s={search_term_string}"},"query-input":{"@type":"PropertyValueSpecification","valueRequired":true,"valueName":"search_term_string"}}],"inLanguage":"pt-BR"},{"@type":"Organization","@id":"https:\/\/femergs.com.br\/wfe\/#organization","name":"FEMERGS","url":"https:\/\/femergs.com.br\/wfe\/","logo":{"@type":"ImageObject","inLanguage":"pt-BR","@id":"https:\/\/femergs.com.br\/wfe\/#\/schema\/logo\/image\/","url":"https:\/\/femergs.com.br\/wfe\/wp-content\/uploads\/2025\/06\/logotipo.png","contentUrl":"https:\/\/femergs.com.br\/wfe\/wp-content\/uploads\/2025\/06\/logotipo.png","width":500,"height":500,"caption":"FEMERGS"},"image":{"@id":"https:\/\/femergs.com.br\/wfe\/#\/schema\/logo\/image\/"},"sameAs":["https:\/\/www.facebook.com\/profile.php?id=100057151733001","https:\/\/www.instagram.com\/femergs_rs\/"]},{"@type":"Person","@id":"https:\/\/femergs.com.br\/wfe\/#\/schema\/person\/f5558e6b5ffc044ee085016237dedb7f","name":"adminfemergs","image":{"@type":"ImageObject","inLanguage":"pt-BR","@id":"https:\/\/femergs.com.br\/wfe\/#\/schema\/person\/image\/","url":"https:\/\/secure.gravatar.com\/avatar\/398642fa557cdd524617ad9b31c938845f071aeb3448b9c0aeb29aefc495337b?s=96&d=mm&r=g","contentUrl":"https:\/\/secure.gravatar.com\/avatar\/398642fa557cdd524617ad9b31c938845f071aeb3448b9c0aeb29aefc495337b?s=96&d=mm&r=g","caption":"adminfemergs"},"sameAs":["https:\/\/femergs.com.br\/wfe"],"url":"https:\/\/femergs.com.br\/wfe\/blog\/author\/adminfemergs\/"}]}},"uagb_featured_image_src":{"full":false,"thumbnail":false,"medium":false,"medium_large":false,"large":false,"1536x1536":false,"2048x2048":false,"ultp_layout_landscape_large":false,"ultp_layout_landscape":false,"ultp_layout_portrait":false,"ultp_layout_square":false},"uagb_author_info":{"display_name":"adminfemergs","author_link":"https:\/\/femergs.com.br\/wfe\/blog\/author\/adminfemergs\/"},"uagb_comment_info":0,"uagb_excerpt":"???? Se for aprovada, a Reforma Administrativa (PEC 32\/2020) vai jogar o Brasil em um per\u00edodo de trevas! ???? O primeiro passo \u00e9 destruir os servidores p\u00fablicos, cuja fun\u00e7\u00e3o \u00e9 salvaguardar os direitos do povo (que s\u00e3o assegurados pelo Estado por meio dos servi\u00e7os p\u00fablicos). ???? Eliminar os servidores \u00e9 tirar um \u201cobst\u00e1culo\u201d do caminho&hellip;","_links":{"self":[{"href":"https:\/\/femergs.com.br\/wfe\/wp-json\/wp\/v2\/posts\/513","targetHints":{"allow":["GET"]}}],"collection":[{"href":"https:\/\/femergs.com.br\/wfe\/wp-json\/wp\/v2\/posts"}],"about":[{"href":"https:\/\/femergs.com.br\/wfe\/wp-json\/wp\/v2\/types\/post"}],"author":[{"embeddable":true,"href":"https:\/\/femergs.com.br\/wfe\/wp-json\/wp\/v2\/users\/1"}],"replies":[{"embeddable":true,"href":"https:\/\/femergs.com.br\/wfe\/wp-json\/wp\/v2\/comments?post=513"}],"version-history":[{"count":1,"href":"https:\/\/femergs.com.br\/wfe\/wp-json\/wp\/v2\/posts\/513\/revisions"}],"predecessor-version":[{"id":514,"href":"https:\/\/femergs.com.br\/wfe\/wp-json\/wp\/v2\/posts\/513\/revisions\/514"}],"wp:attachment":[{"href":"https:\/\/femergs.com.br\/wfe\/wp-json\/wp\/v2\/media?parent=513"}],"wp:term":[{"taxonomy":"category","embeddable":true,"href":"https:\/\/femergs.com.br\/wfe\/wp-json\/wp\/v2\/categories?post=513"},{"taxonomy":"post_tag","embeddable":true,"href":"https:\/\/femergs.com.br\/wfe\/wp-json\/wp\/v2\/tags?post=513"}],"curies":[{"name":"wp","href":"https:\/\/api.w.org\/{rel}","templated":true}]}}