{"id":545,"date":"2025-01-08T13:57:00","date_gmt":"2025-01-08T13:57:00","guid":{"rendered":"https:\/\/femergs.com.br\/wfe\/?p=545"},"modified":"2025-08-01T13:43:11","modified_gmt":"2025-08-01T13:43:11","slug":"sindicato-professores-de-santa-maria-sinprosm","status":"publish","type":"post","link":"https:\/\/femergs.com.br\/wfe\/blog\/sindicato-professores-de-santa-maria-sinprosm\/","title":{"rendered":"SINDICATO PROFESSORES DE SANTA MARIA &#8211; SINPROSM"},"content":{"rendered":"\n<p>No dia 07 de janeiro de 2025, a Presidente da FEMERGS Clarice In\u00eas Mainardi, esteve reunida com a Professora Juliana Moreira &#8211; coordenadora de organiza\u00e7\u00e3o e Patrim\u00f4nio e com a Professora Celma Pietczak diretoras do Sindicato dos Professores de Santa Maria &#8211; SINPROSM. <\/p>\n\n\n\n<p>Foi um momento importante, com troca de informa\u00e7\u00f5es fundamentais para o fortalecimento da luta sindical. Rearmamos nosso compromisso como FEMERGS de estar ao lado de todas as entidades que buscam incans\u00e1velmente manter as conquistas da categoria. Um agradecimento especial para o Senhor Marcio Nunes(AGIP), que n\u00e3o esta mais no quadro de diretores da FEMERGS, mas continua atuante na luta sindical e nos acompanhou na reuni\u00e3o. Obrigada pela oportunidade, que certamente foi a primeira de muitas.<\/p>\n","protected":false},"excerpt":{"rendered":"<p>No dia 07 de janeiro de 2025, a Presidente da FEMERGS Clarice In\u00eas Mainardi, esteve reunida com a Professora Juliana Moreira &#8211; coordenadora de organiza\u00e7\u00e3o e Patrim\u00f4nio e com a Professora Celma Pietczak diretoras do Sindicato dos Professores de Santa Maria &#8211; SINPROSM. Foi um momento importante, com troca de informa\u00e7\u00f5es fundamentais para o fortalecimento [&hellip;]<\/p>\n","protected":false},"author":1,"featured_media":546,"comment_status":"open","ping_status":"open","sticky":false,"template":"","format":"standard","meta":{"_eb_attr":"","_uag_custom_page_level_css":"","fifu_image_url":"","fifu_image_alt":"","footnotes":""},"categories":[30,7],"tags":[19,8,27,10,28,29],"class_list":["post-545","post","type-post","status-publish","format-standard","has-post-thumbnail","hentry","category-educacao","category-noticias","tag-femergs","tag-reuniao","tag-santa-maria","tag-sindical","tag-sindicato","tag-sinprosm"],"yoast_head":"<!-- This site is optimized with the Yoast SEO plugin v27.1.1 - https:\/\/yoast.com\/product\/yoast-seo-wordpress\/ -->\n<title>SINDICATO PROFESSORES DE SANTA MARIA - SINPROSM - Federa\u00e7\u00e3o dos Municip\u00e1rios do Estado do Rio Grande do Sul<\/title>\n<meta name=\"robots\" content=\"index, follow, max-snippet:-1, max-image-preview:large, max-video-preview:-1\" \/>\n<link rel=\"canonical\" href=\"https:\/\/femergs.com.br\/wfe\/blog\/sindicato-professores-de-santa-maria-sinprosm\/\" \/>\n<meta property=\"og:locale\" content=\"pt_BR\" \/>\n<meta property=\"og:type\" content=\"article\" \/>\n<meta property=\"og:title\" content=\"SINDICATO PROFESSORES DE SANTA MARIA - SINPROSM - Federa\u00e7\u00e3o dos Municip\u00e1rios do Estado do Rio Grande do Sul\" \/>\n<meta property=\"og:description\" content=\"No dia 07 de janeiro de 2025, a Presidente da FEMERGS Clarice In\u00eas Mainardi, esteve reunida com a Professora Juliana Moreira &#8211; coordenadora de organiza\u00e7\u00e3o e Patrim\u00f4nio e com a Professora Celma Pietczak diretoras do Sindicato dos Professores de Santa Maria &#8211; SINPROSM. Foi um momento importante, com troca de informa\u00e7\u00f5es fundamentais para o fortalecimento [&hellip;]\" \/>\n<meta property=\"og:url\" content=\"https:\/\/femergs.com.br\/wfe\/blog\/sindicato-professores-de-santa-maria-sinprosm\/\" \/>\n<meta property=\"og:site_name\" content=\"Federa\u00e7\u00e3o dos Municip\u00e1rios do Estado do Rio Grande do Sul\" \/>\n<meta property=\"article:publisher\" content=\"https:\/\/www.facebook.com\/profile.php?id=100057151733001\" \/>\n<meta property=\"article:published_time\" content=\"2025-01-08T13:57:00+00:00\" \/>\n<meta property=\"article:modified_time\" content=\"2025-08-01T13:43:11+00:00\" \/>\n<meta property=\"og:image\" content=\"https:\/\/femergs.com.br\/wfe\/wp-content\/uploads\/2025\/07\/SINPROSM.webp\" \/>\n\t<meta property=\"og:image:width\" content=\"750\" \/>\n\t<meta property=\"og:image:height\" content=\"487\" \/>\n\t<meta property=\"og:image:type\" content=\"image\/png\" \/>\n<meta name=\"author\" content=\"adminfemergs\" \/>\n<meta name=\"twitter:card\" content=\"summary_large_image\" \/>\n<meta name=\"twitter:label1\" content=\"Escrito por\" \/>\n\t<meta name=\"twitter:data1\" content=\"adminfemergs\" \/>\n\t<meta name=\"twitter:label2\" content=\"Est. tempo de leitura\" \/>\n\t<meta name=\"twitter:data2\" content=\"1 minuto\" \/>\n<script type=\"application\/ld+json\" class=\"yoast-schema-graph\">{\"@context\":\"https:\/\/schema.org\",\"@graph\":[{\"@type\":\"Article\",\"@id\":\"https:\/\/femergs.com.br\/wfe\/blog\/sindicato-professores-de-santa-maria-sinprosm\/#article\",\"isPartOf\":{\"@id\":\"https:\/\/femergs.com.br\/wfe\/blog\/sindicato-professores-de-santa-maria-sinprosm\/\"},\"author\":{\"name\":\"adminfemergs\",\"@id\":\"https:\/\/femergs.com.br\/wfe\/#\/schema\/person\/f5558e6b5ffc044ee085016237dedb7f\"},\"headline\":\"SINDICATO PROFESSORES DE SANTA MARIA &#8211; SINPROSM\",\"datePublished\":\"2025-01-08T13:57:00+00:00\",\"dateModified\":\"2025-08-01T13:43:11+00:00\",\"mainEntityOfPage\":{\"@id\":\"https:\/\/femergs.com.br\/wfe\/blog\/sindicato-professores-de-santa-maria-sinprosm\/\"},\"wordCount\":131,\"commentCount\":0,\"publisher\":{\"@id\":\"https:\/\/femergs.com.br\/wfe\/#organization\"},\"image\":{\"@id\":\"https:\/\/femergs.com.br\/wfe\/blog\/sindicato-professores-de-santa-maria-sinprosm\/#primaryimage\"},\"thumbnailUrl\":\"https:\/\/femergs.com.br\/wfe\/wp-content\/uploads\/2025\/07\/SINPROSM.webp\",\"keywords\":[\"femergs\",\"reuni\u00e3o\",\"santa maria\",\"sindical\",\"sindicato\",\"SINPROSM\"],\"articleSection\":[\"Educa\u00e7\u00e3o\",\"Not\u00edcias Gerais\"],\"inLanguage\":\"pt-BR\",\"potentialAction\":[{\"@type\":\"CommentAction\",\"name\":\"Comment\",\"target\":[\"https:\/\/femergs.com.br\/wfe\/blog\/sindicato-professores-de-santa-maria-sinprosm\/#respond\"]}]},{\"@type\":\"WebPage\",\"@id\":\"https:\/\/femergs.com.br\/wfe\/blog\/sindicato-professores-de-santa-maria-sinprosm\/\",\"url\":\"https:\/\/femergs.com.br\/wfe\/blog\/sindicato-professores-de-santa-maria-sinprosm\/\",\"name\":\"SINDICATO PROFESSORES DE SANTA MARIA - SINPROSM - Federa\u00e7\u00e3o dos Municip\u00e1rios do Estado do Rio Grande do Sul\",\"isPartOf\":{\"@id\":\"https:\/\/femergs.com.br\/wfe\/#website\"},\"primaryImageOfPage\":{\"@id\":\"https:\/\/femergs.com.br\/wfe\/blog\/sindicato-professores-de-santa-maria-sinprosm\/#primaryimage\"},\"image\":{\"@id\":\"https:\/\/femergs.com.br\/wfe\/blog\/sindicato-professores-de-santa-maria-sinprosm\/#primaryimage\"},\"thumbnailUrl\":\"https:\/\/femergs.com.br\/wfe\/wp-content\/uploads\/2025\/07\/SINPROSM.webp\",\"datePublished\":\"2025-01-08T13:57:00+00:00\",\"dateModified\":\"2025-08-01T13:43:11+00:00\",\"breadcrumb\":{\"@id\":\"https:\/\/femergs.com.br\/wfe\/blog\/sindicato-professores-de-santa-maria-sinprosm\/#breadcrumb\"},\"inLanguage\":\"pt-BR\",\"potentialAction\":[{\"@type\":\"ReadAction\",\"target\":[\"https:\/\/femergs.com.br\/wfe\/blog\/sindicato-professores-de-santa-maria-sinprosm\/\"]}]},{\"@type\":\"ImageObject\",\"inLanguage\":\"pt-BR\",\"@id\":\"https:\/\/femergs.com.br\/wfe\/blog\/sindicato-professores-de-santa-maria-sinprosm\/#primaryimage\",\"url\":\"https:\/\/femergs.com.br\/wfe\/wp-content\/uploads\/2025\/07\/SINPROSM.webp\",\"contentUrl\":\"https:\/\/femergs.com.br\/wfe\/wp-content\/uploads\/2025\/07\/SINPROSM.webp\",\"width\":750,\"height\":487},{\"@type\":\"BreadcrumbList\",\"@id\":\"https:\/\/femergs.com.br\/wfe\/blog\/sindicato-professores-de-santa-maria-sinprosm\/#breadcrumb\",\"itemListElement\":[{\"@type\":\"ListItem\",\"position\":1,\"name\":\"In\u00edcio\",\"item\":\"https:\/\/femergs.com.br\/wfe\/\"},{\"@type\":\"ListItem\",\"position\":2,\"name\":\"SINDICATO PROFESSORES DE SANTA MARIA &#8211; SINPROSM\"}]},{\"@type\":\"WebSite\",\"@id\":\"https:\/\/femergs.com.br\/wfe\/#website\",\"url\":\"https:\/\/femergs.com.br\/wfe\/\",\"name\":\"FEMERGS\",\"description\":\"FEDERA\u00c7\u00c3O DOS MUNICIP\u00c1RIOS DO ESTADO DO RIO GRANDE DO SUL\",\"publisher\":{\"@id\":\"https:\/\/femergs.com.br\/wfe\/#organization\"},\"potentialAction\":[{\"@type\":\"SearchAction\",\"target\":{\"@type\":\"EntryPoint\",\"urlTemplate\":\"https:\/\/femergs.com.br\/wfe\/?s={search_term_string}\"},\"query-input\":{\"@type\":\"PropertyValueSpecification\",\"valueRequired\":true,\"valueName\":\"search_term_string\"}}],\"inLanguage\":\"pt-BR\"},{\"@type\":\"Organization\",\"@id\":\"https:\/\/femergs.com.br\/wfe\/#organization\",\"name\":\"FEMERGS\",\"url\":\"https:\/\/femergs.com.br\/wfe\/\",\"logo\":{\"@type\":\"ImageObject\",\"inLanguage\":\"pt-BR\",\"@id\":\"https:\/\/femergs.com.br\/wfe\/#\/schema\/logo\/image\/\",\"url\":\"https:\/\/femergs.com.br\/wfe\/wp-content\/uploads\/2025\/06\/logotipo.png\",\"contentUrl\":\"https:\/\/femergs.com.br\/wfe\/wp-content\/uploads\/2025\/06\/logotipo.png\",\"width\":500,\"height\":500,\"caption\":\"FEMERGS\"},\"image\":{\"@id\":\"https:\/\/femergs.com.br\/wfe\/#\/schema\/logo\/image\/\"},\"sameAs\":[\"https:\/\/www.facebook.com\/profile.php?id=100057151733001\",\"https:\/\/www.instagram.com\/femergs_rs\/\"]},{\"@type\":\"Person\",\"@id\":\"https:\/\/femergs.com.br\/wfe\/#\/schema\/person\/f5558e6b5ffc044ee085016237dedb7f\",\"name\":\"adminfemergs\",\"image\":{\"@type\":\"ImageObject\",\"inLanguage\":\"pt-BR\",\"@id\":\"https:\/\/femergs.com.br\/wfe\/#\/schema\/person\/image\/\",\"url\":\"https:\/\/secure.gravatar.com\/avatar\/398642fa557cdd524617ad9b31c938845f071aeb3448b9c0aeb29aefc495337b?s=96&d=mm&r=g\",\"contentUrl\":\"https:\/\/secure.gravatar.com\/avatar\/398642fa557cdd524617ad9b31c938845f071aeb3448b9c0aeb29aefc495337b?s=96&d=mm&r=g\",\"caption\":\"adminfemergs\"},\"sameAs\":[\"https:\/\/femergs.com.br\/wfe\"],\"url\":\"https:\/\/femergs.com.br\/wfe\/blog\/author\/adminfemergs\/\"}]}<\/script>\n<!-- \/ Yoast SEO plugin. -->","yoast_head_json":{"title":"SINDICATO PROFESSORES DE SANTA MARIA - SINPROSM - Federa\u00e7\u00e3o dos Municip\u00e1rios do Estado do Rio Grande do Sul","robots":{"index":"index","follow":"follow","max-snippet":"max-snippet:-1","max-image-preview":"max-image-preview:large","max-video-preview":"max-video-preview:-1"},"canonical":"https:\/\/femergs.com.br\/wfe\/blog\/sindicato-professores-de-santa-maria-sinprosm\/","og_locale":"pt_BR","og_type":"article","og_title":"SINDICATO PROFESSORES DE SANTA MARIA - SINPROSM - Federa\u00e7\u00e3o dos Municip\u00e1rios do Estado do Rio Grande do Sul","og_description":"No dia 07 de janeiro de 2025, a Presidente da FEMERGS Clarice In\u00eas Mainardi, esteve reunida com a Professora Juliana Moreira &#8211; coordenadora de organiza\u00e7\u00e3o e Patrim\u00f4nio e com a Professora Celma Pietczak diretoras do Sindicato dos Professores de Santa Maria &#8211; SINPROSM. Foi um momento importante, com troca de informa\u00e7\u00f5es fundamentais para o fortalecimento [&hellip;]","og_url":"https:\/\/femergs.com.br\/wfe\/blog\/sindicato-professores-de-santa-maria-sinprosm\/","og_site_name":"Federa\u00e7\u00e3o dos Municip\u00e1rios do Estado do Rio Grande do Sul","article_publisher":"https:\/\/www.facebook.com\/profile.php?id=100057151733001","article_published_time":"2025-01-08T13:57:00+00:00","article_modified_time":"2025-08-01T13:43:11+00:00","og_image":[{"width":750,"height":487,"url":"https:\/\/femergs.com.br\/wfe\/wp-content\/uploads\/2025\/07\/SINPROSM.webp","type":"image\/png"}],"author":"adminfemergs","twitter_card":"summary_large_image","twitter_misc":{"Escrito por":"adminfemergs","Est. tempo de leitura":"1 minuto"},"schema":{"@context":"https:\/\/schema.org","@graph":[{"@type":"Article","@id":"https:\/\/femergs.com.br\/wfe\/blog\/sindicato-professores-de-santa-maria-sinprosm\/#article","isPartOf":{"@id":"https:\/\/femergs.com.br\/wfe\/blog\/sindicato-professores-de-santa-maria-sinprosm\/"},"author":{"name":"adminfemergs","@id":"https:\/\/femergs.com.br\/wfe\/#\/schema\/person\/f5558e6b5ffc044ee085016237dedb7f"},"headline":"SINDICATO PROFESSORES DE SANTA MARIA &#8211; SINPROSM","datePublished":"2025-01-08T13:57:00+00:00","dateModified":"2025-08-01T13:43:11+00:00","mainEntityOfPage":{"@id":"https:\/\/femergs.com.br\/wfe\/blog\/sindicato-professores-de-santa-maria-sinprosm\/"},"wordCount":131,"commentCount":0,"publisher":{"@id":"https:\/\/femergs.com.br\/wfe\/#organization"},"image":{"@id":"https:\/\/femergs.com.br\/wfe\/blog\/sindicato-professores-de-santa-maria-sinprosm\/#primaryimage"},"thumbnailUrl":"https:\/\/femergs.com.br\/wfe\/wp-content\/uploads\/2025\/07\/SINPROSM.webp","keywords":["femergs","reuni\u00e3o","santa maria","sindical","sindicato","SINPROSM"],"articleSection":["Educa\u00e7\u00e3o","Not\u00edcias Gerais"],"inLanguage":"pt-BR","potentialAction":[{"@type":"CommentAction","name":"Comment","target":["https:\/\/femergs.com.br\/wfe\/blog\/sindicato-professores-de-santa-maria-sinprosm\/#respond"]}]},{"@type":"WebPage","@id":"https:\/\/femergs.com.br\/wfe\/blog\/sindicato-professores-de-santa-maria-sinprosm\/","url":"https:\/\/femergs.com.br\/wfe\/blog\/sindicato-professores-de-santa-maria-sinprosm\/","name":"SINDICATO PROFESSORES DE SANTA MARIA - SINPROSM - Federa\u00e7\u00e3o dos Municip\u00e1rios do Estado do Rio Grande do Sul","isPartOf":{"@id":"https:\/\/femergs.com.br\/wfe\/#website"},"primaryImageOfPage":{"@id":"https:\/\/femergs.com.br\/wfe\/blog\/sindicato-professores-de-santa-maria-sinprosm\/#primaryimage"},"image":{"@id":"https:\/\/femergs.com.br\/wfe\/blog\/sindicato-professores-de-santa-maria-sinprosm\/#primaryimage"},"thumbnailUrl":"https:\/\/femergs.com.br\/wfe\/wp-content\/uploads\/2025\/07\/SINPROSM.webp","datePublished":"2025-01-08T13:57:00+00:00","dateModified":"2025-08-01T13:43:11+00:00","breadcrumb":{"@id":"https:\/\/femergs.com.br\/wfe\/blog\/sindicato-professores-de-santa-maria-sinprosm\/#breadcrumb"},"inLanguage":"pt-BR","potentialAction":[{"@type":"ReadAction","target":["https:\/\/femergs.com.br\/wfe\/blog\/sindicato-professores-de-santa-maria-sinprosm\/"]}]},{"@type":"ImageObject","inLanguage":"pt-BR","@id":"https:\/\/femergs.com.br\/wfe\/blog\/sindicato-professores-de-santa-maria-sinprosm\/#primaryimage","url":"https:\/\/femergs.com.br\/wfe\/wp-content\/uploads\/2025\/07\/SINPROSM.webp","contentUrl":"https:\/\/femergs.com.br\/wfe\/wp-content\/uploads\/2025\/07\/SINPROSM.webp","width":750,"height":487},{"@type":"BreadcrumbList","@id":"https:\/\/femergs.com.br\/wfe\/blog\/sindicato-professores-de-santa-maria-sinprosm\/#breadcrumb","itemListElement":[{"@type":"ListItem","position":1,"name":"In\u00edcio","item":"https:\/\/femergs.com.br\/wfe\/"},{"@type":"ListItem","position":2,"name":"SINDICATO PROFESSORES DE SANTA MARIA &#8211; SINPROSM"}]},{"@type":"WebSite","@id":"https:\/\/femergs.com.br\/wfe\/#website","url":"https:\/\/femergs.com.br\/wfe\/","name":"FEMERGS","description":"FEDERA\u00c7\u00c3O DOS MUNICIP\u00c1RIOS DO ESTADO DO RIO GRANDE DO SUL","publisher":{"@id":"https:\/\/femergs.com.br\/wfe\/#organization"},"potentialAction":[{"@type":"SearchAction","target":{"@type":"EntryPoint","urlTemplate":"https:\/\/femergs.com.br\/wfe\/?s={search_term_string}"},"query-input":{"@type":"PropertyValueSpecification","valueRequired":true,"valueName":"search_term_string"}}],"inLanguage":"pt-BR"},{"@type":"Organization","@id":"https:\/\/femergs.com.br\/wfe\/#organization","name":"FEMERGS","url":"https:\/\/femergs.com.br\/wfe\/","logo":{"@type":"ImageObject","inLanguage":"pt-BR","@id":"https:\/\/femergs.com.br\/wfe\/#\/schema\/logo\/image\/","url":"https:\/\/femergs.com.br\/wfe\/wp-content\/uploads\/2025\/06\/logotipo.png","contentUrl":"https:\/\/femergs.com.br\/wfe\/wp-content\/uploads\/2025\/06\/logotipo.png","width":500,"height":500,"caption":"FEMERGS"},"image":{"@id":"https:\/\/femergs.com.br\/wfe\/#\/schema\/logo\/image\/"},"sameAs":["https:\/\/www.facebook.com\/profile.php?id=100057151733001","https:\/\/www.instagram.com\/femergs_rs\/"]},{"@type":"Person","@id":"https:\/\/femergs.com.br\/wfe\/#\/schema\/person\/f5558e6b5ffc044ee085016237dedb7f","name":"adminfemergs","image":{"@type":"ImageObject","inLanguage":"pt-BR","@id":"https:\/\/femergs.com.br\/wfe\/#\/schema\/person\/image\/","url":"https:\/\/secure.gravatar.com\/avatar\/398642fa557cdd524617ad9b31c938845f071aeb3448b9c0aeb29aefc495337b?s=96&d=mm&r=g","contentUrl":"https:\/\/secure.gravatar.com\/avatar\/398642fa557cdd524617ad9b31c938845f071aeb3448b9c0aeb29aefc495337b?s=96&d=mm&r=g","caption":"adminfemergs"},"sameAs":["https:\/\/femergs.com.br\/wfe"],"url":"https:\/\/femergs.com.br\/wfe\/blog\/author\/adminfemergs\/"}]}},"uagb_featured_image_src":{"full":["https:\/\/femergs.com.br\/wfe\/wp-content\/uploads\/2025\/07\/SINPROSM.webp",750,487,false],"thumbnail":["https:\/\/femergs.com.br\/wfe\/wp-content\/uploads\/2025\/07\/SINPROSM-150x150.webp",150,150,true],"medium":["https:\/\/femergs.com.br\/wfe\/wp-content\/uploads\/2025\/07\/SINPROSM-300x195.webp",300,195,true],"medium_large":["https:\/\/femergs.com.br\/wfe\/wp-content\/uploads\/2025\/07\/SINPROSM.webp",750,487,false],"large":["https:\/\/femergs.com.br\/wfe\/wp-content\/uploads\/2025\/07\/SINPROSM.webp",750,487,false],"1536x1536":["https:\/\/femergs.com.br\/wfe\/wp-content\/uploads\/2025\/07\/SINPROSM.webp",750,487,false],"2048x2048":["https:\/\/femergs.com.br\/wfe\/wp-content\/uploads\/2025\/07\/SINPROSM.webp",750,487,false],"ultp_layout_landscape_large":["https:\/\/femergs.com.br\/wfe\/wp-content\/uploads\/2025\/07\/SINPROSM.webp",750,487,false],"ultp_layout_landscape":["https:\/\/femergs.com.br\/wfe\/wp-content\/uploads\/2025\/07\/SINPROSM.webp",750,487,false],"ultp_layout_portrait":["https:\/\/femergs.com.br\/wfe\/wp-content\/uploads\/2025\/07\/SINPROSM.webp",600,390,false],"ultp_layout_square":["https:\/\/femergs.com.br\/wfe\/wp-content\/uploads\/2025\/07\/SINPROSM.webp",600,390,false]},"uagb_author_info":{"display_name":"adminfemergs","author_link":"https:\/\/femergs.com.br\/wfe\/blog\/author\/adminfemergs\/"},"uagb_comment_info":0,"uagb_excerpt":"No dia 07 de janeiro de 2025, a Presidente da FEMERGS Clarice In\u00eas Mainardi, esteve reunida com a Professora Juliana Moreira &#8211; coordenadora de organiza\u00e7\u00e3o e Patrim\u00f4nio e com a Professora Celma Pietczak diretoras do Sindicato dos Professores de Santa Maria &#8211; SINPROSM. Foi um momento importante, com troca de informa\u00e7\u00f5es fundamentais para o fortalecimento&hellip;","_links":{"self":[{"href":"https:\/\/femergs.com.br\/wfe\/wp-json\/wp\/v2\/posts\/545","targetHints":{"allow":["GET"]}}],"collection":[{"href":"https:\/\/femergs.com.br\/wfe\/wp-json\/wp\/v2\/posts"}],"about":[{"href":"https:\/\/femergs.com.br\/wfe\/wp-json\/wp\/v2\/types\/post"}],"author":[{"embeddable":true,"href":"https:\/\/femergs.com.br\/wfe\/wp-json\/wp\/v2\/users\/1"}],"replies":[{"embeddable":true,"href":"https:\/\/femergs.com.br\/wfe\/wp-json\/wp\/v2\/comments?post=545"}],"version-history":[{"count":1,"href":"https:\/\/femergs.com.br\/wfe\/wp-json\/wp\/v2\/posts\/545\/revisions"}],"predecessor-version":[{"id":547,"href":"https:\/\/femergs.com.br\/wfe\/wp-json\/wp\/v2\/posts\/545\/revisions\/547"}],"wp:featuredmedia":[{"embeddable":true,"href":"https:\/\/femergs.com.br\/wfe\/wp-json\/wp\/v2\/media\/546"}],"wp:attachment":[{"href":"https:\/\/femergs.com.br\/wfe\/wp-json\/wp\/v2\/media?parent=545"}],"wp:term":[{"taxonomy":"category","embeddable":true,"href":"https:\/\/femergs.com.br\/wfe\/wp-json\/wp\/v2\/categories?post=545"},{"taxonomy":"post_tag","embeddable":true,"href":"https:\/\/femergs.com.br\/wfe\/wp-json\/wp\/v2\/tags?post=545"}],"curies":[{"name":"wp","href":"https:\/\/api.w.org\/{rel}","templated":true}]}}